{"id":10136,"date":"2022-02-14T21:18:54","date_gmt":"2022-02-15T04:18:54","guid":{"rendered":"https:\/\/puntociegoeditorial.com\/web\/?p=10136"},"modified":"2022-02-14T21:18:54","modified_gmt":"2022-02-15T04:18:54","slug":"disminucion-en-decesos-por-covid-19-necesario-para-realizar-carnaval-rocha","status":"publish","type":"post","link":"https:\/\/www.puntociegoeditorial.com\/web\/2022\/02\/14\/disminucion-en-decesos-por-covid-19-necesario-para-realizar-carnaval-rocha\/","title":{"rendered":"Disminuci\u00f3n en decesos por Covid-19, necesario para realizar Carnaval: Rocha"},"content":{"rendered":"\n<p>Uno de los requisitos que se contemplar\u00e1n para definir si se realiza o no el Carnaval Internacional de Mazatl\u00e1n ser\u00e1 que haya una disminuci\u00f3n en los fallecimientos por Covid-19 y que el sem\u00e1foro epidemiol\u00f3gico cambie a amarillo, adelant\u00f3 el Gobernador de Sinaloa, Rub\u00e9n Rocha Moya.<\/p>\n\n\n\n<p>El mandatario estatal reconoci\u00f3 que, hay personas que est\u00e1n falleciendo debido a los eventos masivos que se han registrado en Sinaloa.<\/p>\n\n\n\n<p>\u201cTenemos que ver c\u00f3mo se est\u00e1 comportando el tema de la letalidad y la curva como sigue comport\u00e1ndose. No nos vamos a basar de un solo elemento, vamos a considerar todos los factores, el color solo es uno. Hay personas que est\u00e1n falleciendo de la \u00e9poca del evento masivo que hizo el alcalde, hay que ver cu\u00e1les son los alcances qu\u00e9 tienen esos eventos\u201d, expres\u00f3 Rocha Moya.<\/p>\n","protected":false},"excerpt":{"rendered":"<p>Uno de los requisitos que se contemplar\u00e1n para definir si se realiza o no el Carnaval Internacional de Mazatl\u00e1n ser\u00e1 que haya una disminuci\u00f3n en los fallecimientos por Covid-19 y que el sem\u00e1foro epidemiol\u00f3gico cambie a amarillo, adelant\u00f3 el Gobernador de Sinaloa, Rub\u00e9n Rocha Moya. El mandatario estatal reconoci\u00f3 que, hay personas que est\u00e1n falleciendo [&hellip;]<\/p>\n","protected":false},"author":2,"featured_media":10137,"comment_status":"open","ping_status":"open","sticky":false,"template":"","format":"standard","meta":{"_mi_skip_tracking":false,"footnotes":""},"categories":[13],"tags":[114,134,21],"class_list":["post-10136","post","type-post","status-publish","format-standard","has-post-thumbnail","hentry","category-sinaloa","tag-mazatlan-fc","tag-ruben-rocha-moya","tag-sinaloa"],"_links":{"self":[{"href":"https:\/\/www.puntociegoeditorial.com\/web\/wp-json\/wp\/v2\/posts\/10136","targetHints":{"allow":["GET"]}}],"collection":[{"href":"https:\/\/www.puntociegoeditorial.com\/web\/wp-json\/wp\/v2\/posts"}],"about":[{"href":"https:\/\/www.puntociegoeditorial.com\/web\/wp-json\/wp\/v2\/types\/post"}],"author":[{"embeddable":true,"href":"https:\/\/www.puntociegoeditorial.com\/web\/wp-json\/wp\/v2\/users\/2"}],"replies":[{"embeddable":true,"href":"https:\/\/www.puntociegoeditorial.com\/web\/wp-json\/wp\/v2\/comments?post=10136"}],"version-history":[{"count":1,"href":"https:\/\/www.puntociegoeditorial.com\/web\/wp-json\/wp\/v2\/posts\/10136\/revisions"}],"predecessor-version":[{"id":10138,"href":"https:\/\/www.puntociegoeditorial.com\/web\/wp-json\/wp\/v2\/posts\/10136\/revisions\/10138"}],"wp:featuredmedia":[{"embeddable":true,"href":"https:\/\/www.puntociegoeditorial.com\/web\/wp-json\/wp\/v2\/media\/10137"}],"wp:attachment":[{"href":"https:\/\/www.puntociegoeditorial.com\/web\/wp-json\/wp\/v2\/media?parent=10136"}],"wp:term":[{"taxonomy":"category","embeddable":true,"href":"https:\/\/www.puntociegoeditorial.com\/web\/wp-json\/wp\/v2\/categories?post=10136"},{"taxonomy":"post_tag","embeddable":true,"href":"https:\/\/www.puntociegoeditorial.com\/web\/wp-json\/wp\/v2\/tags?post=10136"}],"curies":[{"name":"wp","href":"https:\/\/api.w.org\/{rel}","templated":true}]}}