{"id":1161,"date":"2021-09-13T16:20:10","date_gmt":"2021-09-13T22:20:10","guid":{"rendered":"https:\/\/puntociegoeditorial.com\/web\/?p=1161"},"modified":"2021-09-13T16:20:10","modified_gmt":"2021-09-13T22:20:10","slug":"aplicaran-segundas-dosis-sinovac-para-mayores-de-18-en-culiacan","status":"publish","type":"post","link":"https:\/\/www.puntociegoeditorial.com\/web\/2021\/09\/13\/aplicaran-segundas-dosis-sinovac-para-mayores-de-18-en-culiacan\/","title":{"rendered":"Aplicar\u00e1n segundas dosis Sinovac para mayores de 18 en Culiac\u00e1n"},"content":{"rendered":"\n<p>Culiac\u00e1n, Sin.- A partir de este martes 14 de al jueves 16 de septiembre, se aplicar\u00e1n segunda dosis de vacuna SONOVAC a personas mayores de 18 a\u00f1os y m\u00e1s del municipio de Culiac\u00e1n y sus sindicaturas con la finalidad de completar esquemas de vacunaci\u00f3n contra COVID \u2013 19, el Secretario de Salud de Sinaloa, Efr\u00e9n Encinas Torres.<\/p>\n\n\n\n<p>El titular de salud detall\u00f3 que las vacunas se estar\u00e1n aplicando en el Centro de Alto Rendimiento \u201cMar\u00eda del Rosario Espinoza\u201d, por lo que se solicita a los j\u00f3venes lleven su documentaci\u00f3n lista; identificaci\u00f3n oficial, expediente impreso y pre llenado, as\u00ed como el comprobante de la primera dosis.<\/p>\n\n\n\n<p>\u201cPara informar a toda la poblaci\u00f3n de Sinaloa que a partir de ma\u00f1ana martes el d\u00eda jueves de esta semana, se aplicar\u00e1n segundas dosis de la vacuna SINOVAC en el centro de alto rendimiento \u201cMar\u00eda del Rosario Espinoza\u201d, son para las personas de 18 a\u00f1os y m\u00e1s que les falte la segunda dosis\u201d, indic\u00f3.<\/p>\n\n\n\n<p>Asimismo, agreg\u00f3 que el orden de convocatoria es establecido por bloques, en orden alfab\u00e9tico seg\u00fan la inicial del apellido paterno.<\/p>\n\n\n\n<p>Cabe se\u00f1alar que actualmente se lleva un avance del 86.5% en el esquema de vacunaci\u00f3n dirigida a la poblaci\u00f3n de 18 y m\u00e1s lo que representa a un aproximado de 2 millones 192 mil 820 personas que cuentan con vacunas de diversos laboratorios Pfizer, Sinovac, Cansino y Astrazeneca, asimismo con esquema completo se tiene un avance de 68.8% de la poblaci\u00f3n lo que representa a un aproximado de 1 mill\u00f3n 304 mil 602 habitantes.<\/p>\n","protected":false},"excerpt":{"rendered":"<p>Culiac\u00e1n, Sin.- A partir de este martes 14 de al jueves 16 de septiembre, se aplicar\u00e1n segunda dosis de vacuna SONOVAC a personas mayores de 18 a\u00f1os y m\u00e1s del municipio de Culiac\u00e1n y sus sindicaturas con la finalidad de completar esquemas de vacunaci\u00f3n contra COVID \u2013 19, el Secretario de Salud de Sinaloa, Efr\u00e9n [&hellip;]<\/p>\n","protected":false},"author":2,"featured_media":1162,"comment_status":"open","ping_status":"open","sticky":false,"template":"","format":"standard","meta":{"_mi_skip_tracking":false,"footnotes":""},"categories":[12],"tags":[26,262,303],"class_list":["post-1161","post","type-post","status-publish","format-standard","has-post-thumbnail","hentry","category-ciudad","tag-culiacan","tag-efren-encinas","tag-sinovac"],"_links":{"self":[{"href":"https:\/\/www.puntociegoeditorial.com\/web\/wp-json\/wp\/v2\/posts\/1161","targetHints":{"allow":["GET"]}}],"collection":[{"href":"https:\/\/www.puntociegoeditorial.com\/web\/wp-json\/wp\/v2\/posts"}],"about":[{"href":"https:\/\/www.puntociegoeditorial.com\/web\/wp-json\/wp\/v2\/types\/post"}],"author":[{"embeddable":true,"href":"https:\/\/www.puntociegoeditorial.com\/web\/wp-json\/wp\/v2\/users\/2"}],"replies":[{"embeddable":true,"href":"https:\/\/www.puntociegoeditorial.com\/web\/wp-json\/wp\/v2\/comments?post=1161"}],"version-history":[{"count":1,"href":"https:\/\/www.puntociegoeditorial.com\/web\/wp-json\/wp\/v2\/posts\/1161\/revisions"}],"predecessor-version":[{"id":1163,"href":"https:\/\/www.puntociegoeditorial.com\/web\/wp-json\/wp\/v2\/posts\/1161\/revisions\/1163"}],"wp:featuredmedia":[{"embeddable":true,"href":"https:\/\/www.puntociegoeditorial.com\/web\/wp-json\/wp\/v2\/media\/1162"}],"wp:attachment":[{"href":"https:\/\/www.puntociegoeditorial.com\/web\/wp-json\/wp\/v2\/media?parent=1161"}],"wp:term":[{"taxonomy":"category","embeddable":true,"href":"https:\/\/www.puntociegoeditorial.com\/web\/wp-json\/wp\/v2\/categories?post=1161"},{"taxonomy":"post_tag","embeddable":true,"href":"https:\/\/www.puntociegoeditorial.com\/web\/wp-json\/wp\/v2\/tags?post=1161"}],"curies":[{"name":"wp","href":"https:\/\/api.w.org\/{rel}","templated":true}]}}