{"id":11746,"date":"2022-03-26T13:44:43","date_gmt":"2022-03-26T20:44:43","guid":{"rendered":"https:\/\/puntociegoeditorial.com\/web\/?p=11746"},"modified":"2022-03-26T13:44:43","modified_gmt":"2022-03-26T20:44:43","slug":"ese-no-es-asunto-mio-rocha-no-parara-juicio-politico-contra-estrada","status":"publish","type":"post","link":"https:\/\/www.puntociegoeditorial.com\/web\/2022\/03\/26\/ese-no-es-asunto-mio-rocha-no-parara-juicio-politico-contra-estrada\/","title":{"rendered":"\u00abEse no es asunto m\u00edo\u00bb: Rocha no parar\u00e1 juicio pol\u00edtico contra Estrada"},"content":{"rendered":"\n<p>Culiac\u00e1n, Sin.-&nbsp;El&nbsp;Gobernador&nbsp;de Sinaloa, Rub\u00e9n Rocha Moya, asegur\u00f3 que no es asunto de \u00e9l, el juicio pol\u00edtico promovido contra el alcalde de Culiac\u00e1n, Jes\u00fas Estrada Ferreiro.<\/p>\n\n\n\n<p>El mandatario estatal dijo que \u00e9l no lo parar\u00e1, ya que Estrada Ferreiro deber\u00e1 hacerlo con su conducta.<\/p>\n\n\n\n<p>\u201cQue milagro. \u00bfY qu\u00e9 tengo que parar yo el juicio pol\u00edtico? Ese no es asunto m\u00edo, que lo pare \u00e9l con su conducta\u201d, expres\u00f3.<\/p>\n","protected":false},"excerpt":{"rendered":"<p>Culiac\u00e1n, Sin.-&nbsp;El&nbsp;Gobernador&nbsp;de Sinaloa, Rub\u00e9n Rocha Moya, asegur\u00f3 que no es asunto de \u00e9l, el juicio pol\u00edtico promovido contra el alcalde de Culiac\u00e1n, Jes\u00fas Estrada Ferreiro. El mandatario estatal dijo que \u00e9l no lo parar\u00e1, ya que Estrada Ferreiro deber\u00e1 hacerlo con su conducta. \u201cQue milagro. \u00bfY qu\u00e9 tengo que parar yo el juicio pol\u00edtico? Ese [&hellip;]<\/p>\n","protected":false},"author":2,"featured_media":11747,"comment_status":"open","ping_status":"open","sticky":false,"template":"","format":"standard","meta":{"_mi_skip_tracking":false,"footnotes":""},"categories":[13],"tags":[26,59,134,21],"class_list":["post-11746","post","type-post","status-publish","format-standard","has-post-thumbnail","hentry","category-sinaloa","tag-culiacan","tag-jesus-estrada-ferreiro","tag-ruben-rocha-moya","tag-sinaloa"],"_links":{"self":[{"href":"https:\/\/www.puntociegoeditorial.com\/web\/wp-json\/wp\/v2\/posts\/11746","targetHints":{"allow":["GET"]}}],"collection":[{"href":"https:\/\/www.puntociegoeditorial.com\/web\/wp-json\/wp\/v2\/posts"}],"about":[{"href":"https:\/\/www.puntociegoeditorial.com\/web\/wp-json\/wp\/v2\/types\/post"}],"author":[{"embeddable":true,"href":"https:\/\/www.puntociegoeditorial.com\/web\/wp-json\/wp\/v2\/users\/2"}],"replies":[{"embeddable":true,"href":"https:\/\/www.puntociegoeditorial.com\/web\/wp-json\/wp\/v2\/comments?post=11746"}],"version-history":[{"count":1,"href":"https:\/\/www.puntociegoeditorial.com\/web\/wp-json\/wp\/v2\/posts\/11746\/revisions"}],"predecessor-version":[{"id":11748,"href":"https:\/\/www.puntociegoeditorial.com\/web\/wp-json\/wp\/v2\/posts\/11746\/revisions\/11748"}],"wp:featuredmedia":[{"embeddable":true,"href":"https:\/\/www.puntociegoeditorial.com\/web\/wp-json\/wp\/v2\/media\/11747"}],"wp:attachment":[{"href":"https:\/\/www.puntociegoeditorial.com\/web\/wp-json\/wp\/v2\/media?parent=11746"}],"wp:term":[{"taxonomy":"category","embeddable":true,"href":"https:\/\/www.puntociegoeditorial.com\/web\/wp-json\/wp\/v2\/categories?post=11746"},{"taxonomy":"post_tag","embeddable":true,"href":"https:\/\/www.puntociegoeditorial.com\/web\/wp-json\/wp\/v2\/tags?post=11746"}],"curies":[{"name":"wp","href":"https:\/\/api.w.org\/{rel}","templated":true}]}}