{"id":1178,"date":"2021-09-13T16:32:16","date_gmt":"2021-09-13T22:32:16","guid":{"rendered":"https:\/\/puntociegoeditorial.com\/web\/?p=1178"},"modified":"2021-09-13T16:32:16","modified_gmt":"2021-09-13T22:32:16","slug":"con-el-gobernador-alfonso-durazo-inicia-la-transformacion-de-sonora-rocha","status":"publish","type":"post","link":"https:\/\/www.puntociegoeditorial.com\/web\/2021\/09\/13\/con-el-gobernador-alfonso-durazo-inicia-la-transformacion-de-sonora-rocha\/","title":{"rendered":"Con el gobernador Alfonso Durazo inicia la transformaci\u00f3n de Sonora: Rocha"},"content":{"rendered":"\n<p>El gobernador electo de Sinaloa asiste al primer mensaje del nuevo mandatario estatal, quien previamente rindi\u00f3 protesta ante el Congreso del Estado<\/p>\n\n\n\n<p>Hermosillo, Sonora, lunes 13 de septiembre de 2021. Al asistir como invitado especial a la ceremonia del primer mensaje de Alfonso Durazo Monta\u00f1o como gobernador de Sonora, quien rindi\u00f3 protesta ante el Congreso del Estado en los primeros minutos de este lunes, el gobernador electo de Sinaloa, Rub\u00e9n Rocha Moya, expres\u00f3 sus parabienes al nuevo mandatario e hizo votos porque logre cumplir los retos y compromisos que se ha propuesto para la transformaci\u00f3n y el bienestar de las y los ciudadanos.<\/p>\n\n\n\n<p>\u201cLas y los sonorenses iniciaron hoy, encabezados por el gobernador Alfonso Durazo, la transformaci\u00f3n de Sonora, un estado al que le tengo un gran aprecio. Les deseo el mayor de los \u00e9xitos en esta nueva era de bienestar para todas y todos. Sin lugar a dudas, Sonora ser\u00e1 tierra de oportunidades, enhorabuena\u201d, manifest\u00f3.<\/p>\n\n\n\n<p>Por su parte, el morenista Durazo Monta\u00f1o asegur\u00f3 que no les fallar\u00e1 a las y los sonorenses, pues se ha preparado toda su vida para la responsabilidad que hoy asume, y se comprometi\u00f3 a gobernar con honestidad absoluta, humildad, sencillez y extrema sensibilidad pol\u00edtica para responder a la encomienda de cambio.<\/p>\n\n\n\n<p>Al igual que Rocha Moya, asistieron como invitados especiales el secretario de la Defensa Nacional, general Luis Cresencio Sandoval, y el secretario de Marina, almirante Jos\u00e9 Rafael Ojeda Dur\u00e1n, como representantes del presidente Andr\u00e9s Manuel L\u00f3pez Obrador; el presidente nacional de Morena, Mario Delgado Carrillo; la secretaria general morenista, Citlali Hern\u00e1ndez; y el gobernador electo de Nayarit, Miguel \u00c1ngel Navarro Quintero.<\/p>\n","protected":false},"excerpt":{"rendered":"<p>El gobernador electo de Sinaloa asiste al primer mensaje del nuevo mandatario estatal, quien previamente rindi\u00f3 protesta ante el Congreso del Estado Hermosillo, Sonora, lunes 13 de septiembre de 2021. Al asistir como invitado especial a la ceremonia del primer mensaje de Alfonso Durazo Monta\u00f1o como gobernador de Sonora, quien rindi\u00f3 protesta ante el Congreso [&hellip;]<\/p>\n","protected":false},"author":2,"featured_media":1179,"comment_status":"open","ping_status":"open","sticky":false,"template":"","format":"standard","meta":{"_mi_skip_tracking":false,"footnotes":""},"categories":[13],"tags":[307,134,21],"class_list":["post-1178","post","type-post","status-publish","format-standard","has-post-thumbnail","hentry","category-sinaloa","tag-alfonso-durazo","tag-ruben-rocha-moya","tag-sinaloa"],"_links":{"self":[{"href":"https:\/\/www.puntociegoeditorial.com\/web\/wp-json\/wp\/v2\/posts\/1178","targetHints":{"allow":["GET"]}}],"collection":[{"href":"https:\/\/www.puntociegoeditorial.com\/web\/wp-json\/wp\/v2\/posts"}],"about":[{"href":"https:\/\/www.puntociegoeditorial.com\/web\/wp-json\/wp\/v2\/types\/post"}],"author":[{"embeddable":true,"href":"https:\/\/www.puntociegoeditorial.com\/web\/wp-json\/wp\/v2\/users\/2"}],"replies":[{"embeddable":true,"href":"https:\/\/www.puntociegoeditorial.com\/web\/wp-json\/wp\/v2\/comments?post=1178"}],"version-history":[{"count":1,"href":"https:\/\/www.puntociegoeditorial.com\/web\/wp-json\/wp\/v2\/posts\/1178\/revisions"}],"predecessor-version":[{"id":1180,"href":"https:\/\/www.puntociegoeditorial.com\/web\/wp-json\/wp\/v2\/posts\/1178\/revisions\/1180"}],"wp:featuredmedia":[{"embeddable":true,"href":"https:\/\/www.puntociegoeditorial.com\/web\/wp-json\/wp\/v2\/media\/1179"}],"wp:attachment":[{"href":"https:\/\/www.puntociegoeditorial.com\/web\/wp-json\/wp\/v2\/media?parent=1178"}],"wp:term":[{"taxonomy":"category","embeddable":true,"href":"https:\/\/www.puntociegoeditorial.com\/web\/wp-json\/wp\/v2\/categories?post=1178"},{"taxonomy":"post_tag","embeddable":true,"href":"https:\/\/www.puntociegoeditorial.com\/web\/wp-json\/wp\/v2\/tags?post=1178"}],"curies":[{"name":"wp","href":"https:\/\/api.w.org\/{rel}","templated":true}]}}