{"id":1181,"date":"2021-09-13T16:35:37","date_gmt":"2021-09-13T22:35:37","guid":{"rendered":"https:\/\/puntociegoeditorial.com\/web\/?p=1181"},"modified":"2021-09-13T16:35:37","modified_gmt":"2021-09-13T22:35:37","slug":"blindara-seguridad-publica-municipal-grito-de-independencia-en-gobierno-del-estado","status":"publish","type":"post","link":"https:\/\/www.puntociegoeditorial.com\/web\/2021\/09\/13\/blindara-seguridad-publica-municipal-grito-de-independencia-en-gobierno-del-estado\/","title":{"rendered":"Blindar\u00e1  Seguridad P\u00fablica Municipal  grit\u00f3 de Independencia en Gobierno  del  Estado"},"content":{"rendered":"\n<p>Culiac\u00e1n, Sin.&#8211; Buscando generar un ambiente de seguridad durante los festejos de este 15 de septiembre la Secretar\u00eda de Seguridad P\u00fablica y Tr\u00e1nsito Municipal de Culiac\u00e1n montar\u00e1 un operativo de seguridad para salvaguardar la integridad de los Sinaloenses que acudan a estos festejos en el Palacio de Gobierno en una transmisi\u00f3n v\u00eda Facebook Live, autoridades municipales anunciaron que pondr\u00e1n a disposici\u00f3n 652 elementos y 98 unidades m\u00f3viles para resguardar la zona desde las 7.00 pm. del pr\u00f3ximo mi\u00e9rcoles 15 de septiembre.<\/p>\n\n\n\n<p>Por disposici\u00f3n de las Autoridades Sanitarias y basados en los protocolos de bioseguridad se determin\u00f3 que se permitir\u00e1 el acceso a s\u00f3lo 500 personas las cuales tendr\u00e1n que ingresar a la zona por 8 filtros sanitarios que ser\u00e1n colocados de manera estrat\u00e9gica alrededor de la Unidad Administrativa Estatal.<\/p>\n\n\n\n<p>Una de las condiciones a los asistentes es que no se permitir\u00e1 el acceso a ni\u00f1os menores de 12 a\u00f1os y adultos mayores a fin de prevenir cualquier incidente de salud en estas personas.<\/p>\n\n\n\n<p>Cabe se\u00f1alar que este evento patrio ser\u00e1 el \u00faltimo que celebre Quirino Ordaz Coppel bajo la embestidura de Gobernador Constitucional del Estado de Sinaloa<\/p>\n","protected":false},"excerpt":{"rendered":"<p>Culiac\u00e1n, Sin.&#8211; Buscando generar un ambiente de seguridad durante los festejos de este 15 de septiembre la Secretar\u00eda de Seguridad P\u00fablica y Tr\u00e1nsito Municipal de Culiac\u00e1n montar\u00e1 un operativo de seguridad para salvaguardar la integridad de los Sinaloenses que acudan a estos festejos en el Palacio de Gobierno en una transmisi\u00f3n v\u00eda Facebook Live, autoridades [&hellip;]<\/p>\n","protected":false},"author":2,"featured_media":1182,"comment_status":"open","ping_status":"open","sticky":false,"template":"","format":"standard","meta":{"_mi_skip_tracking":false,"footnotes":""},"categories":[12],"tags":[26,50,308],"class_list":["post-1181","post","type-post","status-publish","format-standard","has-post-thumbnail","hentry","category-ciudad","tag-culiacan","tag-quirino-ordaz-coppel","tag-seguridad-publica"],"_links":{"self":[{"href":"https:\/\/www.puntociegoeditorial.com\/web\/wp-json\/wp\/v2\/posts\/1181","targetHints":{"allow":["GET"]}}],"collection":[{"href":"https:\/\/www.puntociegoeditorial.com\/web\/wp-json\/wp\/v2\/posts"}],"about":[{"href":"https:\/\/www.puntociegoeditorial.com\/web\/wp-json\/wp\/v2\/types\/post"}],"author":[{"embeddable":true,"href":"https:\/\/www.puntociegoeditorial.com\/web\/wp-json\/wp\/v2\/users\/2"}],"replies":[{"embeddable":true,"href":"https:\/\/www.puntociegoeditorial.com\/web\/wp-json\/wp\/v2\/comments?post=1181"}],"version-history":[{"count":1,"href":"https:\/\/www.puntociegoeditorial.com\/web\/wp-json\/wp\/v2\/posts\/1181\/revisions"}],"predecessor-version":[{"id":1183,"href":"https:\/\/www.puntociegoeditorial.com\/web\/wp-json\/wp\/v2\/posts\/1181\/revisions\/1183"}],"wp:featuredmedia":[{"embeddable":true,"href":"https:\/\/www.puntociegoeditorial.com\/web\/wp-json\/wp\/v2\/media\/1182"}],"wp:attachment":[{"href":"https:\/\/www.puntociegoeditorial.com\/web\/wp-json\/wp\/v2\/media?parent=1181"}],"wp:term":[{"taxonomy":"category","embeddable":true,"href":"https:\/\/www.puntociegoeditorial.com\/web\/wp-json\/wp\/v2\/categories?post=1181"},{"taxonomy":"post_tag","embeddable":true,"href":"https:\/\/www.puntociegoeditorial.com\/web\/wp-json\/wp\/v2\/tags?post=1181"}],"curies":[{"name":"wp","href":"https:\/\/api.w.org\/{rel}","templated":true}]}}