{"id":1187,"date":"2021-09-13T18:40:06","date_gmt":"2021-09-14T00:40:06","guid":{"rendered":"https:\/\/puntociegoeditorial.com\/web\/?p=1187"},"modified":"2021-09-13T18:40:06","modified_gmt":"2021-09-14T00:40:06","slug":"ayudaloaregresaracasa-adulto-mayor-es-de-veracruz-y-busca-a-su-familia","status":"publish","type":"post","link":"https:\/\/www.puntociegoeditorial.com\/web\/2021\/09\/13\/ayudaloaregresaracasa-adulto-mayor-es-de-veracruz-y-busca-a-su-familia\/","title":{"rendered":"#Ayudaloaregresaracasa Adulto mayor es de Veracruz y busca a su familia"},"content":{"rendered":"\n<p>Se pide la colaboraci\u00f3n de la ciudadan\u00eda, para difundir esta informaci\u00f3n que ayude a localizar a la familia del Sr. Federico L\u00f3pez de aproximadamente 70 a\u00f1os, quien refiere que es del estado de Veracruz y busca a su familia.<\/p>\n\n\n\n<p>El adulto mayor fue encontrado por una se\u00f1ora en la antigua caseta de cobro Benito Ju\u00e1rez y lo traslad\u00f3 a las instalaciones de la Secretar\u00eda de Seguridad P\u00fablica y Tr\u00e1nsito Municipal, donde inmediatamente fue atendido y valorado por el \u00e1rea m\u00e9dica, se le dio vista a los DIF Estatal y Municipal y posteriormente fue trasladado por Trabajadoras Sociales al albergue \u201cEl Buen Samaritano\u201d.<\/p>\n\n\n\n<p>Si alguien lo conoce, favor de comunicarse al tel\u00e9fono de emergencias 9-1-1.<\/p>\n","protected":false},"excerpt":{"rendered":"<p>Se pide la colaboraci\u00f3n de la ciudadan\u00eda, para difundir esta informaci\u00f3n que ayude a localizar a la familia del Sr. Federico L\u00f3pez de aproximadamente 70 a\u00f1os, quien refiere que es del estado de Veracruz y busca a su familia. El adulto mayor fue encontrado por una se\u00f1ora en la antigua caseta de cobro Benito Ju\u00e1rez [&hellip;]<\/p>\n","protected":false},"author":2,"featured_media":1188,"comment_status":"open","ping_status":"open","sticky":false,"template":"","format":"standard","meta":{"_mi_skip_tracking":false,"footnotes":""},"categories":[14],"tags":[312,311],"class_list":["post-1187","post","type-post","status-publish","format-standard","has-post-thumbnail","hentry","category-mexico","tag-federico-lopez","tag-veracruz"],"_links":{"self":[{"href":"https:\/\/www.puntociegoeditorial.com\/web\/wp-json\/wp\/v2\/posts\/1187","targetHints":{"allow":["GET"]}}],"collection":[{"href":"https:\/\/www.puntociegoeditorial.com\/web\/wp-json\/wp\/v2\/posts"}],"about":[{"href":"https:\/\/www.puntociegoeditorial.com\/web\/wp-json\/wp\/v2\/types\/post"}],"author":[{"embeddable":true,"href":"https:\/\/www.puntociegoeditorial.com\/web\/wp-json\/wp\/v2\/users\/2"}],"replies":[{"embeddable":true,"href":"https:\/\/www.puntociegoeditorial.com\/web\/wp-json\/wp\/v2\/comments?post=1187"}],"version-history":[{"count":1,"href":"https:\/\/www.puntociegoeditorial.com\/web\/wp-json\/wp\/v2\/posts\/1187\/revisions"}],"predecessor-version":[{"id":1189,"href":"https:\/\/www.puntociegoeditorial.com\/web\/wp-json\/wp\/v2\/posts\/1187\/revisions\/1189"}],"wp:featuredmedia":[{"embeddable":true,"href":"https:\/\/www.puntociegoeditorial.com\/web\/wp-json\/wp\/v2\/media\/1188"}],"wp:attachment":[{"href":"https:\/\/www.puntociegoeditorial.com\/web\/wp-json\/wp\/v2\/media?parent=1187"}],"wp:term":[{"taxonomy":"category","embeddable":true,"href":"https:\/\/www.puntociegoeditorial.com\/web\/wp-json\/wp\/v2\/categories?post=1187"},{"taxonomy":"post_tag","embeddable":true,"href":"https:\/\/www.puntociegoeditorial.com\/web\/wp-json\/wp\/v2\/tags?post=1187"}],"curies":[{"name":"wp","href":"https:\/\/api.w.org\/{rel}","templated":true}]}}