{"id":1197,"date":"2021-09-13T20:10:57","date_gmt":"2021-09-14T02:10:57","guid":{"rendered":"https:\/\/puntociegoeditorial.com\/web\/?p=1197"},"modified":"2021-09-13T20:10:57","modified_gmt":"2021-09-14T02:10:57","slug":"solis-y-pena-par-de-pilares-guindas","status":"publish","type":"post","link":"https:\/\/www.puntociegoeditorial.com\/web\/2021\/09\/13\/solis-y-pena-par-de-pilares-guindas\/","title":{"rendered":"Sol\u00eds y Pe\u00f1a, par de pilares Guindas"},"content":{"rendered":"\n<p>Redacci\u00f3n<\/p>\n\n\n\n<p>CULIAC\u00c1N, Sinaloa.- Rom\u00e1n Al\u00ed Sol\u00eds y Ramiro Pe\u00f1a tienen cosas en com\u00fan, en su trayectoria como peloteros profesionales. Y en lo que respecta a su vida con el jersey guinda, mucho m\u00e1s.<\/p>\n\n\n\n<p>Tanto nuestro receptor, como el segunda base, debutaron en la Liga Arco Mexicana del Pac\u00edfico en la campa\u00f1a 2006-07. Desde entonces, han sido parte activa de cuatro campeonatos, a pesar de que, en uno de ellos, no pudieron disputar la final en el terreno, debido a lesi\u00f3n (Pe\u00f1a en 2018 y Sol\u00eds en 2021).<\/p>\n\n\n\n<p>Este par de experimentados bateadores, representan muy buena parte de la cara de esta generaci\u00f3n exitosa, que ahora busca la haza\u00f1a de ligar el tercer campeonato en temporadas consecutivas.<\/p>\n\n\n\n<figure class=\"wp-block-image size-large\"><img loading=\"lazy\" decoding=\"async\" width=\"682\" height=\"1024\" src=\"http:\/\/puntociegoeditorial.com\/web\/wp-content\/uploads\/2021\/09\/unnamed-1-3-682x1024.jpg\" alt=\"\" class=\"wp-image-1198\" srcset=\"https:\/\/www.puntociegoeditorial.com\/web\/wp-content\/uploads\/2021\/09\/unnamed-1-3-682x1024.jpg 682w, https:\/\/www.puntociegoeditorial.com\/web\/wp-content\/uploads\/2021\/09\/unnamed-1-3-200x300.jpg 200w, https:\/\/www.puntociegoeditorial.com\/web\/wp-content\/uploads\/2021\/09\/unnamed-1-3-768x1152.jpg 768w, https:\/\/www.puntociegoeditorial.com\/web\/wp-content\/uploads\/2021\/09\/unnamed-1-3.jpg 853w\" sizes=\"auto, (max-width: 682px) 100vw, 682px\" \/><\/figure>\n\n\n\n<p>\u201cEl hecho de quedar campe\u00f3n, es algo muy especial. Ahora, un bicampeonato no es f\u00e1cil. Gracias a Dios ya se logr\u00f3 y vamos a seguir, vamos a seguir, la meta es seguir el tricampeonato y vamos con todo por \u00e9l\u201d, coment\u00f3 Pe\u00f1a.<\/p>\n\n\n\n<p>Al\u00ed Sol\u00eds debi\u00f3 operarse el hombro durante septiembre de 2020. El proceso de recuperaci\u00f3n, no le permiti\u00f3 jugar durante el invierno anterior, pero estuvo con el equipo trabajando tanto con el objetivo de ponerse en forma para su regreso, como con el de apoyar a los compa\u00f1eros en el an\u00e1lisis interno, as\u00ed como de los rivales.<\/p>\n\n\n\n<p>\u201cMe siento fresco, fuerte y listo para dar lo mejor de m\u00ed\u201d, dijo el receptor nativo de Mexicali.<\/p>\n\n\n\n<p>En verano, como miembro de Sultanes de Monterrey, particip\u00f3 en 30 juegos. A la defensiva, retir\u00f3 al 44 por ciento de los corredores que le intentaron robar base.<\/p>\n\n\n\n<p>Tanto Pe\u00f1a como Sol\u00eds, coinciden adem\u00e1s en ser ganadores del guante de oro de la Liga Arco Mexicana del Pac\u00edfico. El segunda base, lo consigui\u00f3 durante la 2019-20, mientras que Sol\u00eds en la 2015-16.<\/p>\n","protected":false},"excerpt":{"rendered":"<p>Redacci\u00f3n CULIAC\u00c1N, Sinaloa.- Rom\u00e1n Al\u00ed Sol\u00eds y Ramiro Pe\u00f1a tienen cosas en com\u00fan, en su trayectoria como peloteros profesionales. Y en lo que respecta a su vida con el jersey guinda, mucho m\u00e1s. Tanto nuestro receptor, como el segunda base, debutaron en la Liga Arco Mexicana del Pac\u00edfico en la campa\u00f1a 2006-07. Desde entonces, han [&hellip;]<\/p>\n","protected":false},"author":4,"featured_media":1199,"comment_status":"open","ping_status":"open","sticky":false,"template":"","format":"standard","meta":{"_mi_skip_tracking":false,"footnotes":""},"categories":[16],"tags":[315,173,26,63,316],"class_list":["post-1197","post","type-post","status-publish","format-standard","has-post-thumbnail","hentry","category-accion","tag-ali-solis","tag-bicampeones","tag-culiacan","tag-lamp","tag-ramiro-pena"],"_links":{"self":[{"href":"https:\/\/www.puntociegoeditorial.com\/web\/wp-json\/wp\/v2\/posts\/1197","targetHints":{"allow":["GET"]}}],"collection":[{"href":"https:\/\/www.puntociegoeditorial.com\/web\/wp-json\/wp\/v2\/posts"}],"about":[{"href":"https:\/\/www.puntociegoeditorial.com\/web\/wp-json\/wp\/v2\/types\/post"}],"author":[{"embeddable":true,"href":"https:\/\/www.puntociegoeditorial.com\/web\/wp-json\/wp\/v2\/users\/4"}],"replies":[{"embeddable":true,"href":"https:\/\/www.puntociegoeditorial.com\/web\/wp-json\/wp\/v2\/comments?post=1197"}],"version-history":[{"count":1,"href":"https:\/\/www.puntociegoeditorial.com\/web\/wp-json\/wp\/v2\/posts\/1197\/revisions"}],"predecessor-version":[{"id":1200,"href":"https:\/\/www.puntociegoeditorial.com\/web\/wp-json\/wp\/v2\/posts\/1197\/revisions\/1200"}],"wp:featuredmedia":[{"embeddable":true,"href":"https:\/\/www.puntociegoeditorial.com\/web\/wp-json\/wp\/v2\/media\/1199"}],"wp:attachment":[{"href":"https:\/\/www.puntociegoeditorial.com\/web\/wp-json\/wp\/v2\/media?parent=1197"}],"wp:term":[{"taxonomy":"category","embeddable":true,"href":"https:\/\/www.puntociegoeditorial.com\/web\/wp-json\/wp\/v2\/categories?post=1197"},{"taxonomy":"post_tag","embeddable":true,"href":"https:\/\/www.puntociegoeditorial.com\/web\/wp-json\/wp\/v2\/tags?post=1197"}],"curies":[{"name":"wp","href":"https:\/\/api.w.org\/{rel}","templated":true}]}}