{"id":12166,"date":"2022-04-05T15:28:06","date_gmt":"2022-04-05T21:28:06","guid":{"rendered":"https:\/\/puntociegoeditorial.com\/web\/?p=12166"},"modified":"2022-04-05T15:28:06","modified_gmt":"2022-04-05T21:28:06","slug":"asiste-gobernador-de-sinaloa-a-aniversario-de-fundacion-azteca","status":"publish","type":"post","link":"https:\/\/www.puntociegoeditorial.com\/web\/2022\/04\/05\/asiste-gobernador-de-sinaloa-a-aniversario-de-fundacion-azteca\/","title":{"rendered":"Asiste Gobernador de Sinaloa a aniversario de Fundaci\u00f3n Azteca"},"content":{"rendered":"\n<p>Ciudad de M\u00e9xico.-&nbsp;El Gobernador de Sinaloa, Rub\u00e9n&nbsp;Rocha Moya, asisti\u00f3 a la ceremonia del 25&nbsp;aniversario&nbsp;de&nbsp;Fundaci\u00f3n Azteca, que tuvo lugar en los foros de&nbsp;Tv Azteca&nbsp;Ajusco, en la&nbsp;Ciudad de M\u00e9xico.<\/p>\n\n\n\n<p>El presidente del&nbsp;Grupo Salinas,&nbsp;Ricardo Salinas Pliego, hizo un recuento de las acciones a favor de la sociedad civil y el medio ambiente que esta organizaci\u00f3n ha desarrollado a lo largo de m\u00e1s de dos d\u00e9cadas.<\/p>\n\n\n\n<p>Rub\u00e9n Rocha asisti\u00f3 junto a&nbsp;Marcelo Ebrard, secretario de Relaciones Exteriores a dicha celebraci\u00f3n.<\/p>\n","protected":false},"excerpt":{"rendered":"<p>Ciudad de M\u00e9xico.-&nbsp;El Gobernador de Sinaloa, Rub\u00e9n&nbsp;Rocha Moya, asisti\u00f3 a la ceremonia del 25&nbsp;aniversario&nbsp;de&nbsp;Fundaci\u00f3n Azteca, que tuvo lugar en los foros de&nbsp;Tv Azteca&nbsp;Ajusco, en la&nbsp;Ciudad de M\u00e9xico. El presidente del&nbsp;Grupo Salinas,&nbsp;Ricardo Salinas Pliego, hizo un recuento de las acciones a favor de la sociedad civil y el medio ambiente que esta organizaci\u00f3n ha desarrollado a [&hellip;]<\/p>\n","protected":false},"author":2,"featured_media":12167,"comment_status":"open","ping_status":"open","sticky":false,"template":"","format":"standard","meta":{"_mi_skip_tracking":false,"footnotes":""},"categories":[14],"tags":[272,1688,134,21,1686],"class_list":["post-12166","post","type-post","status-publish","format-standard","has-post-thumbnail","hentry","category-mexico","tag-marcelo-ebrad","tag-ricardo-salinas-pliego","tag-ruben-rocha-moya","tag-sinaloa","tag-tv-azteca"],"_links":{"self":[{"href":"https:\/\/www.puntociegoeditorial.com\/web\/wp-json\/wp\/v2\/posts\/12166","targetHints":{"allow":["GET"]}}],"collection":[{"href":"https:\/\/www.puntociegoeditorial.com\/web\/wp-json\/wp\/v2\/posts"}],"about":[{"href":"https:\/\/www.puntociegoeditorial.com\/web\/wp-json\/wp\/v2\/types\/post"}],"author":[{"embeddable":true,"href":"https:\/\/www.puntociegoeditorial.com\/web\/wp-json\/wp\/v2\/users\/2"}],"replies":[{"embeddable":true,"href":"https:\/\/www.puntociegoeditorial.com\/web\/wp-json\/wp\/v2\/comments?post=12166"}],"version-history":[{"count":1,"href":"https:\/\/www.puntociegoeditorial.com\/web\/wp-json\/wp\/v2\/posts\/12166\/revisions"}],"predecessor-version":[{"id":12168,"href":"https:\/\/www.puntociegoeditorial.com\/web\/wp-json\/wp\/v2\/posts\/12166\/revisions\/12168"}],"wp:featuredmedia":[{"embeddable":true,"href":"https:\/\/www.puntociegoeditorial.com\/web\/wp-json\/wp\/v2\/media\/12167"}],"wp:attachment":[{"href":"https:\/\/www.puntociegoeditorial.com\/web\/wp-json\/wp\/v2\/media?parent=12166"}],"wp:term":[{"taxonomy":"category","embeddable":true,"href":"https:\/\/www.puntociegoeditorial.com\/web\/wp-json\/wp\/v2\/categories?post=12166"},{"taxonomy":"post_tag","embeddable":true,"href":"https:\/\/www.puntociegoeditorial.com\/web\/wp-json\/wp\/v2\/tags?post=12166"}],"curies":[{"name":"wp","href":"https:\/\/api.w.org\/{rel}","templated":true}]}}