{"id":12170,"date":"2022-04-05T17:11:10","date_gmt":"2022-04-05T23:11:10","guid":{"rendered":"https:\/\/puntociegoeditorial.com\/web\/?p=12170"},"modified":"2022-04-05T17:11:10","modified_gmt":"2022-04-05T23:11:10","slug":"a-trabajar-por-el-desarrollo-del-sector-turistico-en-sinaloa-sectur","status":"publish","type":"post","link":"https:\/\/www.puntociegoeditorial.com\/web\/2022\/04\/05\/a-trabajar-por-el-desarrollo-del-sector-turistico-en-sinaloa-sectur\/","title":{"rendered":"A trabajar por el desarrollo del sector tur\u00edstico en Sinaloa: Sectur"},"content":{"rendered":"\n<p>Culiac\u00e1n, Sin., 05 de abril de 2022.- Aunque a\u00fan no se instala, hay 5 sillas para el sector privado en el Consejo Consultivo de Promoci\u00f3n Tur\u00edstica de Sinaloa, ofreci\u00f3 la Secretaria de Turismo en la entidad, Rosario Torres Noriega.<\/p>\n\n\n\n<p>Lo anterior lo expres\u00f3 ante la inquietud de los miembros de Codesin que durante una reuni\u00f3n en Culiac\u00e1n, pidieron aplicar en promoci\u00f3n, los recursos recaudados por el cobro del 3 por ciento sobre hospedaje.<\/p>\n\n\n\n<p>Torres Noriega explic\u00f3 que dichos<br>recursos son efectivamente para promoci\u00f3n, pero su aplicaci\u00f3n es en base a proyectos viables en los que se justifique la inversi\u00f3n.<\/p>\n\n\n\n<p>Aclar\u00f3 que el Consejo Consultivo, no la Secretaria de Turismo, es el responsable de aprobar los proyectos y decidir en qu\u00e9 se invierten con total transparencia los recursos para promoci\u00f3n.<\/p>\n\n\n\n<p>Por ello invit\u00f3 a participar a personas que realmente quieran trabajar por el desarrollo del sector tur\u00edstico, porque como Secretaria de Turismo no toma las decisiones de manera unilateral, pues se trata de trabajar en equipo, dijo.<\/p>\n\n\n\n<p>Torres Noriega reiter\u00f3 que continuar\u00e1 los recorridos en el estado para apoyar proyectos que puedan trascender y sean buenos para Sinaloa.<br>Seguiremos trabajando para hacer del turismo una herramienta de reconciliaci\u00f3n social, asegur\u00f3.<br>Consider\u00f3 necesario apoyar a los municipios peque\u00f1os no solo a Mazatl\u00e1n que en materia tur\u00edstica representa la joya de la corona por la alta afluencia de visitantes durante el a\u00f1o.<\/p>\n","protected":false},"excerpt":{"rendered":"<p>Culiac\u00e1n, Sin., 05 de abril de 2022.- Aunque a\u00fan no se instala, hay 5 sillas para el sector privado en el Consejo Consultivo de Promoci\u00f3n Tur\u00edstica de Sinaloa, ofreci\u00f3 la Secretaria de Turismo en la entidad, Rosario Torres Noriega. Lo anterior lo expres\u00f3 ante la inquietud de los miembros de Codesin que durante una reuni\u00f3n [&hellip;]<\/p>\n","protected":false},"author":2,"featured_media":12171,"comment_status":"open","ping_status":"open","sticky":false,"template":"","format":"standard","meta":{"_mi_skip_tracking":false,"footnotes":""},"categories":[13],"tags":[26,59,1689,754,21],"class_list":["post-12170","post","type-post","status-publish","format-standard","has-post-thumbnail","hentry","category-sinaloa","tag-culiacan","tag-jesus-estrada-ferreiro","tag-rosario-torres-noriega","tag-secretaria-de-turismo","tag-sinaloa"],"_links":{"self":[{"href":"https:\/\/www.puntociegoeditorial.com\/web\/wp-json\/wp\/v2\/posts\/12170","targetHints":{"allow":["GET"]}}],"collection":[{"href":"https:\/\/www.puntociegoeditorial.com\/web\/wp-json\/wp\/v2\/posts"}],"about":[{"href":"https:\/\/www.puntociegoeditorial.com\/web\/wp-json\/wp\/v2\/types\/post"}],"author":[{"embeddable":true,"href":"https:\/\/www.puntociegoeditorial.com\/web\/wp-json\/wp\/v2\/users\/2"}],"replies":[{"embeddable":true,"href":"https:\/\/www.puntociegoeditorial.com\/web\/wp-json\/wp\/v2\/comments?post=12170"}],"version-history":[{"count":1,"href":"https:\/\/www.puntociegoeditorial.com\/web\/wp-json\/wp\/v2\/posts\/12170\/revisions"}],"predecessor-version":[{"id":12172,"href":"https:\/\/www.puntociegoeditorial.com\/web\/wp-json\/wp\/v2\/posts\/12170\/revisions\/12172"}],"wp:featuredmedia":[{"embeddable":true,"href":"https:\/\/www.puntociegoeditorial.com\/web\/wp-json\/wp\/v2\/media\/12171"}],"wp:attachment":[{"href":"https:\/\/www.puntociegoeditorial.com\/web\/wp-json\/wp\/v2\/media?parent=12170"}],"wp:term":[{"taxonomy":"category","embeddable":true,"href":"https:\/\/www.puntociegoeditorial.com\/web\/wp-json\/wp\/v2\/categories?post=12170"},{"taxonomy":"post_tag","embeddable":true,"href":"https:\/\/www.puntociegoeditorial.com\/web\/wp-json\/wp\/v2\/tags?post=12170"}],"curies":[{"name":"wp","href":"https:\/\/api.w.org\/{rel}","templated":true}]}}