{"id":12177,"date":"2022-04-06T09:15:38","date_gmt":"2022-04-06T15:15:38","guid":{"rendered":"https:\/\/puntociegoeditorial.com\/web\/?p=12177"},"modified":"2022-04-06T09:15:38","modified_gmt":"2022-04-06T15:15:38","slug":"este-miercoles-inicia-universiada-regional-en-la-uas","status":"publish","type":"post","link":"https:\/\/www.puntociegoeditorial.com\/web\/2022\/04\/06\/este-miercoles-inicia-universiada-regional-en-la-uas\/","title":{"rendered":"Este mi\u00e9rcoles inicia Universiada Regional en la UAS"},"content":{"rendered":"\n<p>A partir de este jueves en la Universidad Aut\u00f3noma de Sinaloa en Culiac\u00e1n, se estar\u00e1 celebrando la tercera y \u00faltima etapa de la Universiada Regional 2022. Es el regreso de este evento despu\u00e9s de 2 a\u00f1os de ausencia por la pandemia del COVID.<br>Atletas de las instituciones de educaci\u00f3n superior de los estados de Baja California Sur, Baja California, Sonora y Sinaloa, estar\u00e1n disputando boletos a la Universiada Nacional en las disciplinas deportivas de: Atletismo, Ajedrez, Beisbol, Baloncesto tres por tres, Tochito y Rugby.<br>Abelardo Antonio Beltr\u00e1n De la Fuente, coordinador general de la regi\u00f3n tres del Consejo Nacional del Deporte y la Educaci\u00f3n, declar\u00f3 sentirse agradecido por el apoyo de cada uno de los rectores de la regi\u00f3n. Porque sin ese apoyo estos eventos no fueran posible.<br>\u201cNosotros somos gestores, promotores del deporte universitario. Pero aqu\u00ed hay que recalcar el agradecimiento de cada uno de los rectores de la regi\u00f3n: Baja California Sur, Baja California, Sonora y Sinaloa, por apostar al nuevo regreso de eventos como este. Ellos son las piezas claves. Ya estuvimos hace unos d\u00edas atr\u00e1s en UABC Tijuana, estuvimos en Obreg\u00f3n ITSON y a partir de este mi\u00e9rcoles en UAS Culiac\u00e1n\u201d.<br>\u201cEstamos seguros que en la UAS nos cobijar\u00e1n con un gran evento. El agradecimiento para el Dr Berrelleza Reyes, por las gestiones que ha realizado. Y con ello reconfirmar que estamos en una de las regiones deportivas m\u00e1s importantes de la Rep\u00fablica Mexicana de la cual estamos muy orgullosos de pertenecer\u201d. Reiter\u00f3, Beltr\u00e1n de la Fuente.<br>La Universiada Regional en ciudad universitaria de la UAS Culiac\u00e1n, a partir de este jueves adem\u00e1s del viernes, estar\u00e1 celebrando este evento, con actividad desde las 7 horas, en el cual por instrucciones del rector de la UAS Jes\u00fas Madue\u00f1a Molina, se han cuidado todos los aspectos de: traslado, hospedaje, servicios m\u00e9dicos, hidrataci\u00f3n, alimentaci\u00f3n, difusi\u00f3n entre muchos aspectos que requiere la organizaci\u00f3n de una Universiada Regional.<\/p>\n","protected":false},"excerpt":{"rendered":"<p>A partir de este jueves en la Universidad Aut\u00f3noma de Sinaloa en Culiac\u00e1n, se estar\u00e1 celebrando la tercera y \u00faltima etapa de la Universiada Regional 2022. Es el regreso de este evento despu\u00e9s de 2 a\u00f1os de ausencia por la pandemia del COVID.Atletas de las instituciones de educaci\u00f3n superior de los estados de Baja California [&hellip;]<\/p>\n","protected":false},"author":2,"featured_media":12178,"comment_status":"open","ping_status":"open","sticky":false,"template":"","format":"standard","meta":{"_mi_skip_tracking":false,"footnotes":""},"categories":[16],"tags":[26,21,133,1558],"class_list":["post-12177","post","type-post","status-publish","format-standard","has-post-thumbnail","hentry","category-accion","tag-culiacan","tag-sinaloa","tag-uas","tag-universiada-regional"],"_links":{"self":[{"href":"https:\/\/www.puntociegoeditorial.com\/web\/wp-json\/wp\/v2\/posts\/12177","targetHints":{"allow":["GET"]}}],"collection":[{"href":"https:\/\/www.puntociegoeditorial.com\/web\/wp-json\/wp\/v2\/posts"}],"about":[{"href":"https:\/\/www.puntociegoeditorial.com\/web\/wp-json\/wp\/v2\/types\/post"}],"author":[{"embeddable":true,"href":"https:\/\/www.puntociegoeditorial.com\/web\/wp-json\/wp\/v2\/users\/2"}],"replies":[{"embeddable":true,"href":"https:\/\/www.puntociegoeditorial.com\/web\/wp-json\/wp\/v2\/comments?post=12177"}],"version-history":[{"count":1,"href":"https:\/\/www.puntociegoeditorial.com\/web\/wp-json\/wp\/v2\/posts\/12177\/revisions"}],"predecessor-version":[{"id":12179,"href":"https:\/\/www.puntociegoeditorial.com\/web\/wp-json\/wp\/v2\/posts\/12177\/revisions\/12179"}],"wp:featuredmedia":[{"embeddable":true,"href":"https:\/\/www.puntociegoeditorial.com\/web\/wp-json\/wp\/v2\/media\/12178"}],"wp:attachment":[{"href":"https:\/\/www.puntociegoeditorial.com\/web\/wp-json\/wp\/v2\/media?parent=12177"}],"wp:term":[{"taxonomy":"category","embeddable":true,"href":"https:\/\/www.puntociegoeditorial.com\/web\/wp-json\/wp\/v2\/categories?post=12177"},{"taxonomy":"post_tag","embeddable":true,"href":"https:\/\/www.puntociegoeditorial.com\/web\/wp-json\/wp\/v2\/tags?post=12177"}],"curies":[{"name":"wp","href":"https:\/\/api.w.org\/{rel}","templated":true}]}}