{"id":12247,"date":"2022-04-07T15:14:31","date_gmt":"2022-04-07T21:14:31","guid":{"rendered":"https:\/\/puntociegoeditorial.com\/web\/?p=12247"},"modified":"2022-04-07T15:14:31","modified_gmt":"2022-04-07T21:14:31","slug":"rocha-nombra-nuevas-funcionarias-publicas","status":"publish","type":"post","link":"https:\/\/www.puntociegoeditorial.com\/web\/2022\/04\/07\/rocha-nombra-nuevas-funcionarias-publicas\/","title":{"rendered":"Rocha nombra nuevas funcionarias p\u00fablicas"},"content":{"rendered":"\n<p>El gobernador Rub\u00e9n Rocha Moya tom\u00f3 protesta a dos nuevas funcionarias p\u00fablicas que colaborar\u00e1n en su gobierno, y en un acto protocolario celebrado en su despacho, nombr\u00f3 a Carmen Leticia Flores Amezcua como titular de la Procuradur\u00eda General de la Defensa del Trabajo, y a Cintia Maribel Vega Quintero, como directora de la Escuela Normal Experimental de El Fuerte.<\/p>\n\n\n\n<p>Quien a partir de este d\u00eda se desempa\u00f1ar\u00e1 como procuradora del Trabajo, Carmen Flores, se desempe\u00f1\u00f3 como titular de la Procuradur\u00eda de Ni\u00f1os, Ni\u00f1as y Adolescentes, durante la pasada administraci\u00f3n del Ayuntamiento de Culiac\u00e1n, que concluy\u00f3 a finales del a\u00f1o pasado.<\/p>\n\n\n\n<p>Mientras tanto, Cintia Maribel Vega, regresa al mismo cargo de directora de la Escuela Normal Experimental de El Fuerte, responsabilidad que ocup\u00f3 desde el 2018 hasta el 2021. Adem\u00e1s, anteriormente ocup\u00f3 cargos de supervisora acad\u00e9mica y subdirectora del COBAES 043.<\/p>\n","protected":false},"excerpt":{"rendered":"<p>El gobernador Rub\u00e9n Rocha Moya tom\u00f3 protesta a dos nuevas funcionarias p\u00fablicas que colaborar\u00e1n en su gobierno, y en un acto protocolario celebrado en su despacho, nombr\u00f3 a Carmen Leticia Flores Amezcua como titular de la Procuradur\u00eda General de la Defensa del Trabajo, y a Cintia Maribel Vega Quintero, como directora de la Escuela Normal [&hellip;]<\/p>\n","protected":false},"author":2,"featured_media":12248,"comment_status":"open","ping_status":"open","sticky":false,"template":"","format":"standard","meta":{"_mi_skip_tracking":false,"footnotes":""},"categories":[13],"tags":[134],"class_list":["post-12247","post","type-post","status-publish","format-standard","has-post-thumbnail","hentry","category-sinaloa","tag-ruben-rocha-moya"],"_links":{"self":[{"href":"https:\/\/www.puntociegoeditorial.com\/web\/wp-json\/wp\/v2\/posts\/12247","targetHints":{"allow":["GET"]}}],"collection":[{"href":"https:\/\/www.puntociegoeditorial.com\/web\/wp-json\/wp\/v2\/posts"}],"about":[{"href":"https:\/\/www.puntociegoeditorial.com\/web\/wp-json\/wp\/v2\/types\/post"}],"author":[{"embeddable":true,"href":"https:\/\/www.puntociegoeditorial.com\/web\/wp-json\/wp\/v2\/users\/2"}],"replies":[{"embeddable":true,"href":"https:\/\/www.puntociegoeditorial.com\/web\/wp-json\/wp\/v2\/comments?post=12247"}],"version-history":[{"count":1,"href":"https:\/\/www.puntociegoeditorial.com\/web\/wp-json\/wp\/v2\/posts\/12247\/revisions"}],"predecessor-version":[{"id":12249,"href":"https:\/\/www.puntociegoeditorial.com\/web\/wp-json\/wp\/v2\/posts\/12247\/revisions\/12249"}],"wp:featuredmedia":[{"embeddable":true,"href":"https:\/\/www.puntociegoeditorial.com\/web\/wp-json\/wp\/v2\/media\/12248"}],"wp:attachment":[{"href":"https:\/\/www.puntociegoeditorial.com\/web\/wp-json\/wp\/v2\/media?parent=12247"}],"wp:term":[{"taxonomy":"category","embeddable":true,"href":"https:\/\/www.puntociegoeditorial.com\/web\/wp-json\/wp\/v2\/categories?post=12247"},{"taxonomy":"post_tag","embeddable":true,"href":"https:\/\/www.puntociegoeditorial.com\/web\/wp-json\/wp\/v2\/tags?post=12247"}],"curies":[{"name":"wp","href":"https:\/\/api.w.org\/{rel}","templated":true}]}}