{"id":12253,"date":"2022-04-07T16:01:49","date_gmt":"2022-04-07T22:01:49","guid":{"rendered":"https:\/\/puntociegoeditorial.com\/web\/?p=12253"},"modified":"2022-04-07T16:01:49","modified_gmt":"2022-04-07T22:01:49","slug":"inicia-jornada-de-vacunacion-con-aplicacion-de-100-dosis-contra-covid-19-en-covitario-culiacan","status":"publish","type":"post","link":"https:\/\/www.puntociegoeditorial.com\/web\/2022\/04\/07\/inicia-jornada-de-vacunacion-con-aplicacion-de-100-dosis-contra-covid-19-en-covitario-culiacan\/","title":{"rendered":"Inicia Jornada de Vacunaci\u00f3n con aplicaci\u00f3n de 100 dosis contra COVID-19 en Covitario Culiac\u00e1n"},"content":{"rendered":"\n<p>Culiac\u00e1n, Sin., a 07 de abril de 2022.- Este jueves se llev\u00f3 a cabo la Jornada de Vacunaci\u00f3n para personas mayores de 18 a\u00f1os que no contaban con el refuerzo de la segunda y tercera dosis contra COVID-19, actividad organizada en las instalaciones del Covitario Culiac\u00e1n por la Direcci\u00f3n de Salud Municipal y la Delegaci\u00f3n del IMSS en Sinaloa.<\/p>\n\n\n\n<p>Estas acciones forman parte del apoyo que el Municipio de Culiac\u00e1n mantiene con el programa Nacional de Vacunaci\u00f3n para combatir la propagaci\u00f3n del virus SARS-COV-2, con el objetivo de que la ciudadan\u00eda pueda acceder al refuerzo de la vacuna AstraZeneca y de esta forma disminuir la gravedad de la sintomatolog\u00eda en caso de contraer el virus, resalt\u00f3 la Directora de Salud Municipal Dra. Martha Alicia Torres Reyes.<\/p>\n\n\n\n<p>\u201cHay una buena aceptaci\u00f3n del lugar, se les ha facilitado a las comunidades, colonias que est\u00e1n alrededor de esta colonia, Rosario Uz\u00e1rraga, la vacuna Aztrazeneca para quienes tienen el rezago de la segunda y tercera dosis aqu\u00ed estamos aplic\u00e1ndola con el apoyo de Bienestar; esta parte es muy importante porque nos va ayudar a convertir esta infecci\u00f3n por Covid, en una infecci\u00f3n end\u00e9mica con brotes de menos intensidad, por eso hacemos un llamado a toda la comunidad de Culiac\u00e1n y colonias cerca de la colonia Rosario Uz\u00e1rraga para aplicarse la dosis de vacuna que tienen rezagada\u201d, dijo.<\/p>\n\n\n\n<p>En este primer d\u00eda se logr\u00f3 la aplicaci\u00f3n de 100 vacunas, en un horario de 9:00 de la ma\u00f1ana en calle Cuitl\u00e1huac #3566, en la colonia Rosario Uz\u00e1rraga, jornada que se extender\u00e1 para este viernes 8, lunes 11, martes 12 y mi\u00e9rcoles 13 de abril, por lo que se pide que todos los asistentes acudan con el recibo de la anterior aplicaci\u00f3n.<\/p>\n\n\n\n<p>Asimismo, la titular de la Direcci\u00f3n de Salud Municipal, resalt\u00f3 que, gracias a los refuerzos de vacunaci\u00f3n, actualmente el Covitario solo tiene casos aislados por Covid-19, es por ello que exhorta a la poblaci\u00f3n a mantener la guardia y cuidados para evitar contagios.<\/p>\n","protected":false},"excerpt":{"rendered":"<p>Culiac\u00e1n, Sin., a 07 de abril de 2022.- Este jueves se llev\u00f3 a cabo la Jornada de Vacunaci\u00f3n para personas mayores de 18 a\u00f1os que no contaban con el refuerzo de la segunda y tercera dosis contra COVID-19, actividad organizada en las instalaciones del Covitario Culiac\u00e1n por la Direcci\u00f3n de Salud Municipal y la Delegaci\u00f3n [&hellip;]<\/p>\n","protected":false},"author":2,"featured_media":12254,"comment_status":"open","ping_status":"open","sticky":false,"template":"","format":"standard","meta":{"_mi_skip_tracking":false,"footnotes":""},"categories":[12],"tags":[211,153],"class_list":["post-12253","post","type-post","status-publish","format-standard","has-post-thumbnail","hentry","category-ciudad","tag-covid","tag-vacunacion"],"_links":{"self":[{"href":"https:\/\/www.puntociegoeditorial.com\/web\/wp-json\/wp\/v2\/posts\/12253","targetHints":{"allow":["GET"]}}],"collection":[{"href":"https:\/\/www.puntociegoeditorial.com\/web\/wp-json\/wp\/v2\/posts"}],"about":[{"href":"https:\/\/www.puntociegoeditorial.com\/web\/wp-json\/wp\/v2\/types\/post"}],"author":[{"embeddable":true,"href":"https:\/\/www.puntociegoeditorial.com\/web\/wp-json\/wp\/v2\/users\/2"}],"replies":[{"embeddable":true,"href":"https:\/\/www.puntociegoeditorial.com\/web\/wp-json\/wp\/v2\/comments?post=12253"}],"version-history":[{"count":1,"href":"https:\/\/www.puntociegoeditorial.com\/web\/wp-json\/wp\/v2\/posts\/12253\/revisions"}],"predecessor-version":[{"id":12255,"href":"https:\/\/www.puntociegoeditorial.com\/web\/wp-json\/wp\/v2\/posts\/12253\/revisions\/12255"}],"wp:featuredmedia":[{"embeddable":true,"href":"https:\/\/www.puntociegoeditorial.com\/web\/wp-json\/wp\/v2\/media\/12254"}],"wp:attachment":[{"href":"https:\/\/www.puntociegoeditorial.com\/web\/wp-json\/wp\/v2\/media?parent=12253"}],"wp:term":[{"taxonomy":"category","embeddable":true,"href":"https:\/\/www.puntociegoeditorial.com\/web\/wp-json\/wp\/v2\/categories?post=12253"},{"taxonomy":"post_tag","embeddable":true,"href":"https:\/\/www.puntociegoeditorial.com\/web\/wp-json\/wp\/v2\/tags?post=12253"}],"curies":[{"name":"wp","href":"https:\/\/api.w.org\/{rel}","templated":true}]}}