{"id":12256,"date":"2022-04-07T16:02:50","date_gmt":"2022-04-07T22:02:50","guid":{"rendered":"https:\/\/puntociegoeditorial.com\/web\/?p=12256"},"modified":"2022-04-07T16:02:50","modified_gmt":"2022-04-07T22:02:50","slug":"imparten-cursos-de-primeros-auxilios-para-capacitar-a-ciudadanos-de-primer-contacto-en-situaciones-de-riesgo","status":"publish","type":"post","link":"https:\/\/www.puntociegoeditorial.com\/web\/2022\/04\/07\/imparten-cursos-de-primeros-auxilios-para-capacitar-a-ciudadanos-de-primer-contacto-en-situaciones-de-riesgo\/","title":{"rendered":"Imparten cursos de Primeros Auxilios para capacitar a ciudadanos de primer contacto en situaciones de riesgo"},"content":{"rendered":"\n<p>Culiac\u00e1n, Sin., a 07 de abril de 2022.- Con la intenci\u00f3n de formar a ciudadanos de primer contacto a trav\u00e9s de la capacitaci\u00f3n en Primeros Auxilios, la Direcci\u00f3n de Salud Municipal reinici\u00f3 los cursos que arrancaron desde el 2019, en esta edici\u00f3n se busca reforzar los conocimientos para que se preste la atenci\u00f3n m\u00e9dica inmediata a una v\u00edctima en situaci\u00f3n de emergencia.<\/p>\n\n\n\n<p>La serie de capacitaciones son impartidas por el personal de la Direcci\u00f3n de Salud Municipal en las instalaciones del Covitario Culiac\u00e1n, iniciando con la maniobra de heimlich, atenci\u00f3n de fracturas, maniobra de RCP, manejo de situaciones con s\u00edncope, perdida del estado de la conciencia, esto para estabilizar al paciente antes de ser trasladado a un hospital.<\/p>\n\n\n\n<p>\u201cLa capacitaci\u00f3n en primeros auxilios es un programa continuo que tenemos desde el 2019, es parte de un programa que se denomina formar ciudadanos de primer contacto ante situaciones de riesgo, y todas las t\u00e9cnicas de aplicaci\u00f3n de medicamentos, subcut\u00e1neo, intramuscular, fracturas y esguinces\u201d, explic\u00f3 la Dra. Martha Alicia Torres Reyes titular de la Direcci\u00f3n de Salud Municipal.<\/p>\n\n\n\n<p>Las actividades de ense\u00f1anza sobre las t\u00e9cnicas de emergencia continuar\u00e1n este viernes 8, lunes 11, martes 12 y mi\u00e9rcoles 13 de abril, y una vez transcurrido el periodo de asueto, se reanudar\u00e1n los cursos de capacitaci\u00f3n.<\/p>\n","protected":false},"excerpt":{"rendered":"<p>Culiac\u00e1n, Sin., a 07 de abril de 2022.- Con la intenci\u00f3n de formar a ciudadanos de primer contacto a trav\u00e9s de la capacitaci\u00f3n en Primeros Auxilios, la Direcci\u00f3n de Salud Municipal reinici\u00f3 los cursos que arrancaron desde el 2019, en esta edici\u00f3n se busca reforzar los conocimientos para que se preste la atenci\u00f3n m\u00e9dica inmediata [&hellip;]<\/p>\n","protected":false},"author":2,"featured_media":12257,"comment_status":"open","ping_status":"open","sticky":false,"template":"","format":"standard","meta":{"_mi_skip_tracking":false,"footnotes":""},"categories":[12],"tags":[1699,1700],"class_list":["post-12256","post","type-post","status-publish","format-standard","has-post-thumbnail","hentry","category-ciudad","tag-covitario-culiacan","tag-direccion-de-salud-municipal"],"_links":{"self":[{"href":"https:\/\/www.puntociegoeditorial.com\/web\/wp-json\/wp\/v2\/posts\/12256","targetHints":{"allow":["GET"]}}],"collection":[{"href":"https:\/\/www.puntociegoeditorial.com\/web\/wp-json\/wp\/v2\/posts"}],"about":[{"href":"https:\/\/www.puntociegoeditorial.com\/web\/wp-json\/wp\/v2\/types\/post"}],"author":[{"embeddable":true,"href":"https:\/\/www.puntociegoeditorial.com\/web\/wp-json\/wp\/v2\/users\/2"}],"replies":[{"embeddable":true,"href":"https:\/\/www.puntociegoeditorial.com\/web\/wp-json\/wp\/v2\/comments?post=12256"}],"version-history":[{"count":1,"href":"https:\/\/www.puntociegoeditorial.com\/web\/wp-json\/wp\/v2\/posts\/12256\/revisions"}],"predecessor-version":[{"id":12258,"href":"https:\/\/www.puntociegoeditorial.com\/web\/wp-json\/wp\/v2\/posts\/12256\/revisions\/12258"}],"wp:featuredmedia":[{"embeddable":true,"href":"https:\/\/www.puntociegoeditorial.com\/web\/wp-json\/wp\/v2\/media\/12257"}],"wp:attachment":[{"href":"https:\/\/www.puntociegoeditorial.com\/web\/wp-json\/wp\/v2\/media?parent=12256"}],"wp:term":[{"taxonomy":"category","embeddable":true,"href":"https:\/\/www.puntociegoeditorial.com\/web\/wp-json\/wp\/v2\/categories?post=12256"},{"taxonomy":"post_tag","embeddable":true,"href":"https:\/\/www.puntociegoeditorial.com\/web\/wp-json\/wp\/v2\/tags?post=12256"}],"curies":[{"name":"wp","href":"https:\/\/api.w.org\/{rel}","templated":true}]}}