{"id":12260,"date":"2022-04-08T10:14:40","date_gmt":"2022-04-08T16:14:40","guid":{"rendered":"https:\/\/puntociegoeditorial.com\/web\/?p=12260"},"modified":"2022-04-08T10:14:40","modified_gmt":"2022-04-08T16:14:40","slug":"revela-rocha-que-dos-prepas-privadas-se-mantenian-con-recurso-publico","status":"publish","type":"post","link":"https:\/\/www.puntociegoeditorial.com\/web\/2022\/04\/08\/revela-rocha-que-dos-prepas-privadas-se-mantenian-con-recurso-publico\/","title":{"rendered":"Revela Rocha que dos prepas privadas se manten\u00edan con recurso p\u00fablico"},"content":{"rendered":"\n<p>Culiac\u00e1n, Sin.-&nbsp;El Gobernador de Sinaloa,&nbsp;Rub\u00e9n Rocha Moya, inform\u00f3 que ya se est\u00e1&nbsp;investigando&nbsp;la situaci\u00f3n de las&nbsp;preparatorias&nbsp;Rafael Ram\u00edrez y Felipe Bachomo, que se encuentran en Culiac\u00e1n y El Fuerte, ya que asegura que, al parecer hubo un&nbsp;uso irregular&nbsp;de&nbsp;recursos.<\/p>\n\n\n\n<p>Esto luego de que un movimiento en redes sociales, lanzara un llamado a las autoridades educativas de Sinaloa a destrabar los pagos a los maestros de estas preparatorias y emitieron el hashtag #SEPyCDebeIntervenir y donde se acusaba a la Secretaria de Educaci\u00f3n en el estado, Graciela Dom\u00ednguez, de bloquear dichos pagos.<\/p>\n\n\n\n<p>Rocha Moya, afirm\u00f3 que, estas escuelas son particulares y les pagaban con recursos p\u00fablicos a trav\u00e9s de una organizaci\u00f3n pol\u00edtica.<\/p>\n\n\n\n<p>\u201cEso lo vamos a revisar porque son particulares, entonces es un recurso p\u00fablico que se lo daban por razones equis, vamos a revisarlo, todo lo que en justicia se tenga que hacer y que no caigamos en falta ante la auditor\u00eda, es un recurso que se lo daban a una organizaci\u00f3n pol\u00edtica y vamos a ver, lo menos que quiero es que se afecte a los estudiantes\u201d, subray\u00f3.<\/p>\n\n\n\n<p>Rocha Moya fue cuestionado sobre si pod\u00eda existir una auditor\u00eda al respecto, el Gobernador del Estado, respondi\u00f3 que, no se meter\u00e1 en eso pues ya le corresponde a los entes fiscalizadores.<\/p>\n","protected":false},"excerpt":{"rendered":"<p>Culiac\u00e1n, Sin.-&nbsp;El Gobernador de Sinaloa,&nbsp;Rub\u00e9n Rocha Moya, inform\u00f3 que ya se est\u00e1&nbsp;investigando&nbsp;la situaci\u00f3n de las&nbsp;preparatorias&nbsp;Rafael Ram\u00edrez y Felipe Bachomo, que se encuentran en Culiac\u00e1n y El Fuerte, ya que asegura que, al parecer hubo un&nbsp;uso irregular&nbsp;de&nbsp;recursos. Esto luego de que un movimiento en redes sociales, lanzara un llamado a las autoridades educativas de Sinaloa a [&hellip;]<\/p>\n","protected":false},"author":2,"featured_media":12261,"comment_status":"open","ping_status":"open","sticky":false,"template":"","format":"standard","meta":{"_mi_skip_tracking":false,"footnotes":""},"categories":[13],"tags":[134,21],"class_list":["post-12260","post","type-post","status-publish","format-standard","has-post-thumbnail","hentry","category-sinaloa","tag-ruben-rocha-moya","tag-sinaloa"],"_links":{"self":[{"href":"https:\/\/www.puntociegoeditorial.com\/web\/wp-json\/wp\/v2\/posts\/12260","targetHints":{"allow":["GET"]}}],"collection":[{"href":"https:\/\/www.puntociegoeditorial.com\/web\/wp-json\/wp\/v2\/posts"}],"about":[{"href":"https:\/\/www.puntociegoeditorial.com\/web\/wp-json\/wp\/v2\/types\/post"}],"author":[{"embeddable":true,"href":"https:\/\/www.puntociegoeditorial.com\/web\/wp-json\/wp\/v2\/users\/2"}],"replies":[{"embeddable":true,"href":"https:\/\/www.puntociegoeditorial.com\/web\/wp-json\/wp\/v2\/comments?post=12260"}],"version-history":[{"count":1,"href":"https:\/\/www.puntociegoeditorial.com\/web\/wp-json\/wp\/v2\/posts\/12260\/revisions"}],"predecessor-version":[{"id":12262,"href":"https:\/\/www.puntociegoeditorial.com\/web\/wp-json\/wp\/v2\/posts\/12260\/revisions\/12262"}],"wp:featuredmedia":[{"embeddable":true,"href":"https:\/\/www.puntociegoeditorial.com\/web\/wp-json\/wp\/v2\/media\/12261"}],"wp:attachment":[{"href":"https:\/\/www.puntociegoeditorial.com\/web\/wp-json\/wp\/v2\/media?parent=12260"}],"wp:term":[{"taxonomy":"category","embeddable":true,"href":"https:\/\/www.puntociegoeditorial.com\/web\/wp-json\/wp\/v2\/categories?post=12260"},{"taxonomy":"post_tag","embeddable":true,"href":"https:\/\/www.puntociegoeditorial.com\/web\/wp-json\/wp\/v2\/tags?post=12260"}],"curies":[{"name":"wp","href":"https:\/\/api.w.org\/{rel}","templated":true}]}}