{"id":12269,"date":"2022-04-08T10:18:16","date_gmt":"2022-04-08T16:18:16","guid":{"rendered":"https:\/\/puntociegoeditorial.com\/web\/?p=12269"},"modified":"2022-04-08T10:18:16","modified_gmt":"2022-04-08T16:18:16","slug":"baja-la-ocupacion-hotelera-en-semana-santa","status":"publish","type":"post","link":"https:\/\/www.puntociegoeditorial.com\/web\/2022\/04\/08\/baja-la-ocupacion-hotelera-en-semana-santa\/","title":{"rendered":"Baja la ocupaci\u00f3n hotelera en Semana Santa"},"content":{"rendered":"\n<p>Actualmente la ocupaci\u00f3n hotelera se encuentra en un 50 por ciento, pero d\u00edas previos a las vacaciones de Semana Santa, este porcentaje llega a disminuir hasta un 50 por ciento, expres\u00f3 el presidente de la Asociaci\u00f3n de Hoteles y Moteles de Culiac\u00e1n.<\/p>\n\n\n\n<p>Jos\u00e9 Manuel de la Rivas Flores afirm\u00f3 que hasta un 40 por ciento reduce la ocupaci\u00f3n hotelera, pues Culiac\u00e1n no es tan atractivo para los turistas.<\/p>\n\n\n\n<p>\u00abSemana Santa no es favorable para nosotros, muchos creen que nos va mejor, pero no, baja la ocupaci\u00f3n y eso nos perjudica\u00bb.<\/p>\n\n\n\n<p>De la Rivas Flores a\u00f1adi\u00f3 que lamentablemente el gobierno del estado no ha puesto en marcha el presupuesto que se recauda con el impuesto del hospedaje, pues son 24 millones de pesos que no se est\u00e1n invirtiendo en el turismo para la ciudad.<\/p>\n","protected":false},"excerpt":{"rendered":"<p>Actualmente la ocupaci\u00f3n hotelera se encuentra en un 50 por ciento, pero d\u00edas previos a las vacaciones de Semana Santa, este porcentaje llega a disminuir hasta un 50 por ciento, expres\u00f3 el presidente de la Asociaci\u00f3n de Hoteles y Moteles de Culiac\u00e1n. Jos\u00e9 Manuel de la Rivas Flores afirm\u00f3 que hasta un 40 por ciento [&hellip;]<\/p>\n","protected":false},"author":2,"featured_media":12270,"comment_status":"open","ping_status":"open","sticky":false,"template":"","format":"standard","meta":{"_mi_skip_tracking":false,"footnotes":""},"categories":[13],"tags":[206,1603],"class_list":["post-12269","post","type-post","status-publish","format-standard","has-post-thumbnail","hentry","category-sinaloa","tag-mazatlan","tag-semana-santa"],"_links":{"self":[{"href":"https:\/\/www.puntociegoeditorial.com\/web\/wp-json\/wp\/v2\/posts\/12269","targetHints":{"allow":["GET"]}}],"collection":[{"href":"https:\/\/www.puntociegoeditorial.com\/web\/wp-json\/wp\/v2\/posts"}],"about":[{"href":"https:\/\/www.puntociegoeditorial.com\/web\/wp-json\/wp\/v2\/types\/post"}],"author":[{"embeddable":true,"href":"https:\/\/www.puntociegoeditorial.com\/web\/wp-json\/wp\/v2\/users\/2"}],"replies":[{"embeddable":true,"href":"https:\/\/www.puntociegoeditorial.com\/web\/wp-json\/wp\/v2\/comments?post=12269"}],"version-history":[{"count":1,"href":"https:\/\/www.puntociegoeditorial.com\/web\/wp-json\/wp\/v2\/posts\/12269\/revisions"}],"predecessor-version":[{"id":12271,"href":"https:\/\/www.puntociegoeditorial.com\/web\/wp-json\/wp\/v2\/posts\/12269\/revisions\/12271"}],"wp:featuredmedia":[{"embeddable":true,"href":"https:\/\/www.puntociegoeditorial.com\/web\/wp-json\/wp\/v2\/media\/12270"}],"wp:attachment":[{"href":"https:\/\/www.puntociegoeditorial.com\/web\/wp-json\/wp\/v2\/media?parent=12269"}],"wp:term":[{"taxonomy":"category","embeddable":true,"href":"https:\/\/www.puntociegoeditorial.com\/web\/wp-json\/wp\/v2\/categories?post=12269"},{"taxonomy":"post_tag","embeddable":true,"href":"https:\/\/www.puntociegoeditorial.com\/web\/wp-json\/wp\/v2\/tags?post=12269"}],"curies":[{"name":"wp","href":"https:\/\/api.w.org\/{rel}","templated":true}]}}