{"id":12272,"date":"2022-04-08T10:19:19","date_gmt":"2022-04-08T16:19:19","guid":{"rendered":"https:\/\/puntociegoeditorial.com\/web\/?p=12272"},"modified":"2022-04-08T10:19:19","modified_gmt":"2022-04-08T16:19:19","slug":"solo-escuelas-vulnerables-seran-de-tiempo-completo-sepyc","status":"publish","type":"post","link":"https:\/\/www.puntociegoeditorial.com\/web\/2022\/04\/08\/solo-escuelas-vulnerables-seran-de-tiempo-completo-sepyc\/","title":{"rendered":"Solo escuelas vulnerables ser\u00e1n de tiempo completo: SEPyC"},"content":{"rendered":"\n<p>Por ahora, la principal instrucci\u00f3n del gobierno estatal es reactivar el programa de escuelas de tiempo completo en planteles educativos vulnerables, se\u00f1al\u00f3 la secretaria de Educaci\u00f3n P\u00fablica y Cultura en Sinaloa.<\/p>\n\n\n\n<p>Graciela Dom\u00ednguez Nava indic\u00f3 que eran 1030 escuelas de tiempo completo las que estaban anteriormente, sin embargo, s\u00f3lo se trabajar\u00e1 para que regresen las m\u00e1s vulnerables.<\/p>\n\n\n\n<p>\u00abVamos a apoyar \u00fanicamente a las que est\u00e1n en situaci\u00f3n vulnerable, esperemos contar con m\u00e1s de 200 millones de pesos para este programa\u00bb.<\/p>\n\n\n\n<p>Dom\u00ednguez Nava detall\u00f3 que por ahora contin\u00faan con la planeaci\u00f3n para determinar que planteles regresar\u00e1n a clases de tiempo completo.<\/p>\n\n\n\n<p>Agreg\u00f3 que ser\u00e1 hasta el siguiente ciclo escolar cuando se ponga en marcha de nueva cuenta las escuelas de tiempo completo en Sinaloa.<\/p>\n","protected":false},"excerpt":{"rendered":"<p>Por ahora, la principal instrucci\u00f3n del gobierno estatal es reactivar el programa de escuelas de tiempo completo en planteles educativos vulnerables, se\u00f1al\u00f3 la secretaria de Educaci\u00f3n P\u00fablica y Cultura en Sinaloa. Graciela Dom\u00ednguez Nava indic\u00f3 que eran 1030 escuelas de tiempo completo las que estaban anteriormente, sin embargo, s\u00f3lo se trabajar\u00e1 para que regresen las [&hellip;]<\/p>\n","protected":false},"author":2,"featured_media":12273,"comment_status":"open","ping_status":"open","sticky":false,"template":"","format":"standard","meta":{"_mi_skip_tracking":false,"footnotes":""},"categories":[13],"tags":[480,77],"class_list":["post-12272","post","type-post","status-publish","format-standard","has-post-thumbnail","hentry","category-sinaloa","tag-graciela-dominguez","tag-sepyc"],"_links":{"self":[{"href":"https:\/\/www.puntociegoeditorial.com\/web\/wp-json\/wp\/v2\/posts\/12272","targetHints":{"allow":["GET"]}}],"collection":[{"href":"https:\/\/www.puntociegoeditorial.com\/web\/wp-json\/wp\/v2\/posts"}],"about":[{"href":"https:\/\/www.puntociegoeditorial.com\/web\/wp-json\/wp\/v2\/types\/post"}],"author":[{"embeddable":true,"href":"https:\/\/www.puntociegoeditorial.com\/web\/wp-json\/wp\/v2\/users\/2"}],"replies":[{"embeddable":true,"href":"https:\/\/www.puntociegoeditorial.com\/web\/wp-json\/wp\/v2\/comments?post=12272"}],"version-history":[{"count":1,"href":"https:\/\/www.puntociegoeditorial.com\/web\/wp-json\/wp\/v2\/posts\/12272\/revisions"}],"predecessor-version":[{"id":12274,"href":"https:\/\/www.puntociegoeditorial.com\/web\/wp-json\/wp\/v2\/posts\/12272\/revisions\/12274"}],"wp:featuredmedia":[{"embeddable":true,"href":"https:\/\/www.puntociegoeditorial.com\/web\/wp-json\/wp\/v2\/media\/12273"}],"wp:attachment":[{"href":"https:\/\/www.puntociegoeditorial.com\/web\/wp-json\/wp\/v2\/media?parent=12272"}],"wp:term":[{"taxonomy":"category","embeddable":true,"href":"https:\/\/www.puntociegoeditorial.com\/web\/wp-json\/wp\/v2\/categories?post=12272"},{"taxonomy":"post_tag","embeddable":true,"href":"https:\/\/www.puntociegoeditorial.com\/web\/wp-json\/wp\/v2\/tags?post=12272"}],"curies":[{"name":"wp","href":"https:\/\/api.w.org\/{rel}","templated":true}]}}