{"id":12693,"date":"2022-04-20T09:09:30","date_gmt":"2022-04-20T15:09:30","guid":{"rendered":"https:\/\/puntociegoeditorial.com\/web\/?p=12693"},"modified":"2022-04-20T09:09:30","modified_gmt":"2022-04-20T15:09:30","slug":"alcalde-convive-con-ninas-y-ninos-de-comunidades-ejidales-en-el-marco-del-festejo-por-su-dia","status":"publish","type":"post","link":"https:\/\/www.puntociegoeditorial.com\/web\/2022\/04\/20\/alcalde-convive-con-ninas-y-ninos-de-comunidades-ejidales-en-el-marco-del-festejo-por-su-dia\/","title":{"rendered":"Alcalde convive con ni\u00f1as y ni\u00f1os de comunidades ejidales en el marco del festejo por su d\u00eda"},"content":{"rendered":"\n<p>Culiac\u00e1n, Sinaloa a 19 de abril de 2022.- Esta ma\u00f1ana el alcalde Lic. Jes\u00fas Estrada Ferreiro convivi\u00f3 con ni\u00f1os y ni\u00f1as de algunas comunidades ejidales del municipio dentro de los festejos de su d\u00eda, lo cual se llev\u00f3 a cabo en las instalaciones del Centro C\u00edvico Constituci\u00f3n.<\/p>\n\n\n\n<p>El presidente municipal particip\u00f3 en algunas actividades donde los ni\u00f1os y ni\u00f1as estuvieron jugando, una de ellas consistia en jalar la cuerda, donde adem\u00e1s entraron en acci\u00f3n algunas mam\u00e1s, que se dieron cita en este evento, que result\u00f3 muy agradable y divertido para todos.<\/p>\n\n\n\n<p>El director general del Instituto Municipal del Deporte y la Cultura F\u00edsica, Heriberto \u00abTalism\u00e1n\u00bb Garc\u00eda Osuna, agradeci\u00f3 a los padres de la familia por el esfuerzo de apoyar a sus hijos para esta actividad, asimismo felicit\u00f3 a su equipo de trabajo, ya que fueron los encargados de organizar los juegos recreativos con aproximadamente 100 ni\u00f1os de las comunidades de los ejidos Argentina, El Diez y Bachigualatito.<\/p>\n\n\n\n<p>Los regidores Arely Ruiz, Miguel Ibarra y Nallely P\u00e9rez, en coordinaci\u00f3n con Jessica Ramos, directora del C.C.C., fueron quienes organizaron este evento, donde los ni\u00f1os y ni\u00f1as pudieron disfrutar un recorrido por el Zool\u00f3gico, as\u00ed como del Sal\u00f3n de la Fama,&nbsp; y que a su vez, pudieron conocer acerca de qui\u00e9nes son glorias del deporte del municipio gracias a una explicaci\u00f3n muy breve y sencilla por parte del&nbsp;coordinador Salvador Hern\u00e1ndez y personal del nicho de los inmortales.<\/p>\n\n\n\n<p>Posteriormente, el festejo continu\u00f3 con la realizaci\u00f3n de juegos y actividades, como lo fue una carrera de costales, y finalmente concluy\u00f3 con pi\u00f1atas, hubo dulces, pastel, y diversos obsequios, todo esto, bajo la direcci\u00f3n de personal del IMDEC.<\/p>\n","protected":false},"excerpt":{"rendered":"<p>Culiac\u00e1n, Sinaloa a 19 de abril de 2022.- Esta ma\u00f1ana el alcalde Lic. Jes\u00fas Estrada Ferreiro convivi\u00f3 con ni\u00f1os y ni\u00f1as de algunas comunidades ejidales del municipio dentro de los festejos de su d\u00eda, lo cual se llev\u00f3 a cabo en las instalaciones del Centro C\u00edvico Constituci\u00f3n. El presidente municipal particip\u00f3 en algunas actividades donde [&hellip;]<\/p>\n","protected":false},"author":2,"featured_media":12694,"comment_status":"open","ping_status":"open","sticky":false,"template":"","format":"standard","meta":{"_mi_skip_tracking":false,"footnotes":""},"categories":[12],"tags":[503,59],"class_list":["post-12693","post","type-post","status-publish","format-standard","has-post-thumbnail","hentry","category-ciudad","tag-imdec","tag-jesus-estrada-ferreiro"],"_links":{"self":[{"href":"https:\/\/www.puntociegoeditorial.com\/web\/wp-json\/wp\/v2\/posts\/12693","targetHints":{"allow":["GET"]}}],"collection":[{"href":"https:\/\/www.puntociegoeditorial.com\/web\/wp-json\/wp\/v2\/posts"}],"about":[{"href":"https:\/\/www.puntociegoeditorial.com\/web\/wp-json\/wp\/v2\/types\/post"}],"author":[{"embeddable":true,"href":"https:\/\/www.puntociegoeditorial.com\/web\/wp-json\/wp\/v2\/users\/2"}],"replies":[{"embeddable":true,"href":"https:\/\/www.puntociegoeditorial.com\/web\/wp-json\/wp\/v2\/comments?post=12693"}],"version-history":[{"count":1,"href":"https:\/\/www.puntociegoeditorial.com\/web\/wp-json\/wp\/v2\/posts\/12693\/revisions"}],"predecessor-version":[{"id":12695,"href":"https:\/\/www.puntociegoeditorial.com\/web\/wp-json\/wp\/v2\/posts\/12693\/revisions\/12695"}],"wp:featuredmedia":[{"embeddable":true,"href":"https:\/\/www.puntociegoeditorial.com\/web\/wp-json\/wp\/v2\/media\/12694"}],"wp:attachment":[{"href":"https:\/\/www.puntociegoeditorial.com\/web\/wp-json\/wp\/v2\/media?parent=12693"}],"wp:term":[{"taxonomy":"category","embeddable":true,"href":"https:\/\/www.puntociegoeditorial.com\/web\/wp-json\/wp\/v2\/categories?post=12693"},{"taxonomy":"post_tag","embeddable":true,"href":"https:\/\/www.puntociegoeditorial.com\/web\/wp-json\/wp\/v2\/tags?post=12693"}],"curies":[{"name":"wp","href":"https:\/\/api.w.org\/{rel}","templated":true}]}}