{"id":12741,"date":"2022-04-20T15:57:22","date_gmt":"2022-04-20T21:57:22","guid":{"rendered":"https:\/\/puntociegoeditorial.com\/web\/?p=12741"},"modified":"2022-04-20T15:57:22","modified_gmt":"2022-04-20T21:57:22","slug":"registra-sinaloa-6-abortos-voluntarios-cuen-ojeda","status":"publish","type":"post","link":"https:\/\/www.puntociegoeditorial.com\/web\/2022\/04\/20\/registra-sinaloa-6-abortos-voluntarios-cuen-ojeda\/","title":{"rendered":"Registra Sinaloa 6 abortos voluntarios: Cu\u00e9n Ojeda"},"content":{"rendered":"\n<p>En Sinaloa se han presentado 6 interrupciones de embarazo de manera voluntaria en las \u00faltimas semanas, inform\u00f3 el secretario de Salud en Sinaloa.<\/p>\n\n\n\n<p>H\u00e9ctor Melesio Cu\u00e9n Ojeda dijo que en Culiac\u00e1n van 4 abortos, uno en el hospital general y 3 m\u00e1s en el hospital de la mujer.<\/p>\n\n\n\n<p>El funcionario detall\u00f3 que tambi\u00e9n se ha registrado un aborto en Mazatl\u00e1n y otro m\u00e1s en el municipio de Ahome.<\/p>\n\n\n\n<p>\u00abYa van 6 suspensiones de embarazo en Sinaloa, 4 en Culiac\u00e1n, uno en Ahome y otro en Mazatl\u00e1n, todos ellos de manera voluntaria\u00bb.<\/p>\n\n\n\n<p>Agreg\u00f3 que es una cifra baja hasta el momento, pues los dem\u00e1s estados a\u00fan no aprueban esta ley de la despenalizaci\u00f3n del embarazo.<\/p>\n","protected":false},"excerpt":{"rendered":"<p>En Sinaloa se han presentado 6 interrupciones de embarazo de manera voluntaria en las \u00faltimas semanas, inform\u00f3 el secretario de Salud en Sinaloa. H\u00e9ctor Melesio Cu\u00e9n Ojeda dijo que en Culiac\u00e1n van 4 abortos, uno en el hospital general y 3 m\u00e1s en el hospital de la mujer. El funcionario detall\u00f3 que tambi\u00e9n se ha [&hellip;]<\/p>\n","protected":false},"author":2,"featured_media":12742,"comment_status":"open","ping_status":"open","sticky":false,"template":"","format":"standard","meta":{"_mi_skip_tracking":false,"footnotes":""},"categories":[12],"tags":[1745,352],"class_list":["post-12741","post","type-post","status-publish","format-standard","has-post-thumbnail","hentry","category-ciudad","tag-abortos","tag-hector-melesio-cuen"],"_links":{"self":[{"href":"https:\/\/www.puntociegoeditorial.com\/web\/wp-json\/wp\/v2\/posts\/12741","targetHints":{"allow":["GET"]}}],"collection":[{"href":"https:\/\/www.puntociegoeditorial.com\/web\/wp-json\/wp\/v2\/posts"}],"about":[{"href":"https:\/\/www.puntociegoeditorial.com\/web\/wp-json\/wp\/v2\/types\/post"}],"author":[{"embeddable":true,"href":"https:\/\/www.puntociegoeditorial.com\/web\/wp-json\/wp\/v2\/users\/2"}],"replies":[{"embeddable":true,"href":"https:\/\/www.puntociegoeditorial.com\/web\/wp-json\/wp\/v2\/comments?post=12741"}],"version-history":[{"count":1,"href":"https:\/\/www.puntociegoeditorial.com\/web\/wp-json\/wp\/v2\/posts\/12741\/revisions"}],"predecessor-version":[{"id":12743,"href":"https:\/\/www.puntociegoeditorial.com\/web\/wp-json\/wp\/v2\/posts\/12741\/revisions\/12743"}],"wp:featuredmedia":[{"embeddable":true,"href":"https:\/\/www.puntociegoeditorial.com\/web\/wp-json\/wp\/v2\/media\/12742"}],"wp:attachment":[{"href":"https:\/\/www.puntociegoeditorial.com\/web\/wp-json\/wp\/v2\/media?parent=12741"}],"wp:term":[{"taxonomy":"category","embeddable":true,"href":"https:\/\/www.puntociegoeditorial.com\/web\/wp-json\/wp\/v2\/categories?post=12741"},{"taxonomy":"post_tag","embeddable":true,"href":"https:\/\/www.puntociegoeditorial.com\/web\/wp-json\/wp\/v2\/tags?post=12741"}],"curies":[{"name":"wp","href":"https:\/\/api.w.org\/{rel}","templated":true}]}}