{"id":12839,"date":"2022-04-22T19:28:19","date_gmt":"2022-04-23T01:28:19","guid":{"rendered":"https:\/\/puntociegoeditorial.com\/web\/?p=12839"},"modified":"2022-04-22T19:28:19","modified_gmt":"2022-04-23T01:28:19","slug":"el-gobierno-de-sinaloa-reconoce-el-dinamismo-economico-que-genera-el-sector-empresarial","status":"publish","type":"post","link":"https:\/\/www.puntociegoeditorial.com\/web\/2022\/04\/22\/el-gobierno-de-sinaloa-reconoce-el-dinamismo-economico-que-genera-el-sector-empresarial\/","title":{"rendered":"El Gobierno de Sinaloa reconoce el dinamismo econ\u00f3mico que genera el sector empresarial"},"content":{"rendered":"\n<p>Asiste el Secretario de Econom\u00eda, Javier Gaxiola  Coppel en representaci\u00f3n del Gobernador Rub\u00e9n Rocha Moya a la toma de protesta del nuevo Consejo Directivo de la Coparmex en Mazatl\u00e1n Mazatl\u00e1n, Sinaloa, a 22 de Abril de 2022.- Al reconocer a nombre del Gobernador Rub\u00e9n Rocha Moya el dinamismo econ\u00f3mico que imprimen los y las empresarias en Sinaloa, el Secretario de Econom\u00eda, Javier Gaxiola  Coppel estuvo presente en la toma de protesta del nuevo Consejo Directivo de la Coparmex en Mazatl\u00e1n.   \u201cCon su apoyo logramos llegar de mejor manera los proyectos y programas, trabajamos con una visi\u00f3n cerca a las necesidades de Sinaloa y de los y las empresarias\u201d, admiti\u00f3.   El Secretario de Econom\u00eda comparti\u00f3 que en Sinaloa se tienen 43 mil patrones formales.  \u201cSomos el lugar n\u00famero 7 a nivel nacional, mientras que a nivel poblacional somos el n\u00famero 17 y en competitividad nos ubicamos en la posici\u00f3n 7\u201d, inform\u00f3.   Reconoci\u00f3 en los empresarios su trabajo, lo que se traduce en la confianza hacia las inversiones que sin duda refleja una labor transversal entre el gobierno y las c\u00e1maras empresariales.   \u201cReitero el compromiso del Gobernador Rub\u00e9n Rocha en trabajar de la mano con ustedes, es un aliado de las y los empresarios y gran impulsor del empleo y la inversi\u00f3n en Sinaloa\u201d, apunt\u00f3.   En su mensaje el funcionario estatal anunci\u00f3 que se trabaja con inversionistas para desarrollar el sector de la industria en la zona de Mazatl\u00e1n, no olvidando el gran potencial que se tendr\u00e1 con la actividad del mezcal.  En el evento participaron el Presidente Nacional de Coparmex, Jos\u00e9 Medina Mora; el Presidente Electo de Coparmex Mazatl\u00e1n, Fernando Valdez Solana; el Presidente saliente de Coparmex Mazatl\u00e1n, Jorge Alberto Garc\u00eda F\u00e9lix; as\u00ed como el Presidente de la Federaci\u00f3n Pac\u00edfico de Coparmex, Luis Enrique Pun Hung.  El alcalde de Mazatl\u00e1n, Luis Guillermo Ben\u00edtez Torres; el Sub Jefe Operativo de la Tercera Regi\u00f3n Militar, General Ra\u00fal Vaca Flores; el Comandante de la Cuarta Zona Navla, Enrique Flores; y el Secretario de Desarrollo Econ\u00f3mico, Turismo y Pesca del municipio de Mazatl\u00e1n, Ricardo Velarde C\u00e1rdenas.<\/p>\n","protected":false},"excerpt":{"rendered":"<p>Asiste el Secretario de Econom\u00eda, Javier Gaxiola Coppel en representaci\u00f3n del Gobernador Rub\u00e9n Rocha Moya a la toma de protesta del nuevo Consejo Directivo de la Coparmex en Mazatl\u00e1n Mazatl\u00e1n, Sinaloa, a 22 de Abril de 2022.- Al reconocer a nombre del Gobernador Rub\u00e9n Rocha Moya el dinamismo econ\u00f3mico que imprimen los y las empresarias [&hellip;]<\/p>\n","protected":false},"author":2,"featured_media":12840,"comment_status":"open","ping_status":"open","sticky":false,"template":"","format":"standard","meta":{"_mi_skip_tracking":false,"footnotes":""},"categories":[13],"tags":[865,249],"class_list":["post-12839","post","type-post","status-publish","format-standard","has-post-thumbnail","hentry","category-sinaloa","tag-javier-gaxiola-coppel","tag-secretaria-de-economia"],"_links":{"self":[{"href":"https:\/\/www.puntociegoeditorial.com\/web\/wp-json\/wp\/v2\/posts\/12839","targetHints":{"allow":["GET"]}}],"collection":[{"href":"https:\/\/www.puntociegoeditorial.com\/web\/wp-json\/wp\/v2\/posts"}],"about":[{"href":"https:\/\/www.puntociegoeditorial.com\/web\/wp-json\/wp\/v2\/types\/post"}],"author":[{"embeddable":true,"href":"https:\/\/www.puntociegoeditorial.com\/web\/wp-json\/wp\/v2\/users\/2"}],"replies":[{"embeddable":true,"href":"https:\/\/www.puntociegoeditorial.com\/web\/wp-json\/wp\/v2\/comments?post=12839"}],"version-history":[{"count":1,"href":"https:\/\/www.puntociegoeditorial.com\/web\/wp-json\/wp\/v2\/posts\/12839\/revisions"}],"predecessor-version":[{"id":12841,"href":"https:\/\/www.puntociegoeditorial.com\/web\/wp-json\/wp\/v2\/posts\/12839\/revisions\/12841"}],"wp:featuredmedia":[{"embeddable":true,"href":"https:\/\/www.puntociegoeditorial.com\/web\/wp-json\/wp\/v2\/media\/12840"}],"wp:attachment":[{"href":"https:\/\/www.puntociegoeditorial.com\/web\/wp-json\/wp\/v2\/media?parent=12839"}],"wp:term":[{"taxonomy":"category","embeddable":true,"href":"https:\/\/www.puntociegoeditorial.com\/web\/wp-json\/wp\/v2\/categories?post=12839"},{"taxonomy":"post_tag","embeddable":true,"href":"https:\/\/www.puntociegoeditorial.com\/web\/wp-json\/wp\/v2\/tags?post=12839"}],"curies":[{"name":"wp","href":"https:\/\/api.w.org\/{rel}","templated":true}]}}