{"id":12845,"date":"2022-04-22T19:31:06","date_gmt":"2022-04-23T01:31:06","guid":{"rendered":"https:\/\/puntociegoeditorial.com\/web\/?p=12845"},"modified":"2022-04-22T19:31:06","modified_gmt":"2022-04-23T01:31:06","slug":"alcalde-se-reune-con-personal-del-parque-las-riberas","status":"publish","type":"post","link":"https:\/\/www.puntociegoeditorial.com\/web\/2022\/04\/22\/alcalde-se-reune-con-personal-del-parque-las-riberas\/","title":{"rendered":"<em>Alcalde se re\u00fane con personal del Parque Las Riberas<\/em>"},"content":{"rendered":"\n<p>Culiac\u00e1n, Sin., a 22 de abril de 2022.- El alcalde Lic. Jes\u00fas Estrada Ferreiro sostuvo una reuni\u00f3n que a su vez sirvi\u00f3 de convivencia con personal del Parque Las Riberas, esto a fin de agradecerles por su trabajo diario y adem\u00e1s presentar a Edgar Iv\u00e1n Huerta Silva, quien a partir de hoy ser\u00e1 el encargado de este centro recreativo.<\/p>\n\n\n\n<p>El presidente municipal resalt\u00f3 que el Parque Las Riberas, no es solo un lugar de esparcimiento, sino que es un pulm\u00f3n m\u00e1s de la ciudad, el cual se debe mantener diariamente en buenas condiciones y por lo que se hace lo necesario para dotarlo del equipamiento que requiere.<\/p>\n\n\n\n<p>Asimismo, asegur\u00f3 que se siguen haciendo esfuerzos para mejorar el salario de quienes m\u00e1s lo necesitan, y se continuar\u00e1 trabajando para que m\u00e1s empleados eventuales perciban lo justo y tengan una mejor calidad de vida.<\/p>\n\n\n\n<p>\u201cYo les agradezco mucho que est\u00e9n aqu\u00ed, les agradezco lo que han hecho por el Parque Las Riberas y los invito para que sigan apoy\u00e1ndonos\u201d, expres\u00f3.<\/p>\n\n\n\n<p>Por su parte, el Director de Centros Deportivos y Recreativos Rey David S\u00e1nchez Figueroa, dijo que en conjunto con el nuevo responsable del parque, se gestionar\u00e1 que tengan las herramientas necesarias para su trabajo, ya que estas \u00e1reas son de operatividad.<\/p>\n\n\n\n<p>En esta reuni\u00f3n estuvieron tambi\u00e9n presentes regidores del Cabildo de Culiac\u00e1n y funcionarios municipales.<\/p>\n","protected":false},"excerpt":{"rendered":"<p>Culiac\u00e1n, Sin., a 22 de abril de 2022.- El alcalde Lic. Jes\u00fas Estrada Ferreiro sostuvo una reuni\u00f3n que a su vez sirvi\u00f3 de convivencia con personal del Parque Las Riberas, esto a fin de agradecerles por su trabajo diario y adem\u00e1s presentar a Edgar Iv\u00e1n Huerta Silva, quien a partir de hoy ser\u00e1 el encargado [&hellip;]<\/p>\n","protected":false},"author":2,"featured_media":12846,"comment_status":"open","ping_status":"open","sticky":false,"template":"","format":"standard","meta":{"_mi_skip_tracking":false,"footnotes":""},"categories":[12],"tags":[59,128],"class_list":["post-12845","post","type-post","status-publish","format-standard","has-post-thumbnail","hentry","category-ciudad","tag-jesus-estrada-ferreiro","tag-parque-las-riberas"],"_links":{"self":[{"href":"https:\/\/www.puntociegoeditorial.com\/web\/wp-json\/wp\/v2\/posts\/12845","targetHints":{"allow":["GET"]}}],"collection":[{"href":"https:\/\/www.puntociegoeditorial.com\/web\/wp-json\/wp\/v2\/posts"}],"about":[{"href":"https:\/\/www.puntociegoeditorial.com\/web\/wp-json\/wp\/v2\/types\/post"}],"author":[{"embeddable":true,"href":"https:\/\/www.puntociegoeditorial.com\/web\/wp-json\/wp\/v2\/users\/2"}],"replies":[{"embeddable":true,"href":"https:\/\/www.puntociegoeditorial.com\/web\/wp-json\/wp\/v2\/comments?post=12845"}],"version-history":[{"count":1,"href":"https:\/\/www.puntociegoeditorial.com\/web\/wp-json\/wp\/v2\/posts\/12845\/revisions"}],"predecessor-version":[{"id":12847,"href":"https:\/\/www.puntociegoeditorial.com\/web\/wp-json\/wp\/v2\/posts\/12845\/revisions\/12847"}],"wp:featuredmedia":[{"embeddable":true,"href":"https:\/\/www.puntociegoeditorial.com\/web\/wp-json\/wp\/v2\/media\/12846"}],"wp:attachment":[{"href":"https:\/\/www.puntociegoeditorial.com\/web\/wp-json\/wp\/v2\/media?parent=12845"}],"wp:term":[{"taxonomy":"category","embeddable":true,"href":"https:\/\/www.puntociegoeditorial.com\/web\/wp-json\/wp\/v2\/categories?post=12845"},{"taxonomy":"post_tag","embeddable":true,"href":"https:\/\/www.puntociegoeditorial.com\/web\/wp-json\/wp\/v2\/tags?post=12845"}],"curies":[{"name":"wp","href":"https:\/\/api.w.org\/{rel}","templated":true}]}}