{"id":13262,"date":"2022-05-01T15:10:04","date_gmt":"2022-05-01T21:10:04","guid":{"rendered":"https:\/\/puntociegoeditorial.com\/web\/?p=13262"},"modified":"2022-05-01T15:10:04","modified_gmt":"2022-05-01T21:10:04","slug":"presentan-la-feria-de-la-cana-navolato","status":"publish","type":"post","link":"https:\/\/www.puntociegoeditorial.com\/web\/2022\/05\/01\/presentan-la-feria-de-la-cana-navolato\/","title":{"rendered":"Presentan la feria de la ca\u00f1a Navolato"},"content":{"rendered":"\n<p>Del 25 de mayo al 5 de junio se llevar\u00e1 a cabo este evento tradicional en este museo de, inform\u00f3 el organizador del evento<\/p>\n\n\n\n<p>Despu\u00e9s de 17 a\u00f1os de ausencia se realizar\u00e1 la Expo feria de la ca\u00f1a Navolato 2022, un evento hist\u00f3rico que celebra las bases de la econom\u00eda de este municipio, dio a conocer el organizador del evento.<\/p>\n\n\n\n<p>Rafael Felix Cabrera precis\u00f3 que en los inicios de este municipio, su principal fuente de ingresos era por la comercializaci\u00f3n de la ca\u00f1a, es por ello que se le dio ese nombre a esta Expo feria.<\/p>\n\n\n\n<p>Mencion\u00f3 que esperan en esos d\u00edas una afluencia de visitantes que van de los 80 mil a 100 mil personas, donde todas las sindicaturas de este municipio est\u00e1n invitadas a asistir.<\/p>\n\n\n\n<p>\u00abEs un evento familiar y es un evento con causa, pues de lo obtenido daremos apoyo econ\u00f3mico al DIF municipal\u00bb.<\/p>\n\n\n\n<p>Felix Cabrera indic\u00f3 que en la feria habr\u00e1 juegos mec\u00e1nicos, circos, teatro del pueblo, donde habr\u00e1 diferentes grupos musicales, entre los que destaca Revolver Cannabis.<\/p>\n\n\n\n<p>Del 26 al 5 de junio se llevar\u00e1 a cabo esta feria ca\u00f1era en el ingenio de la primavera en Navolato.<\/p>\n","protected":false},"excerpt":{"rendered":"<p>Del 25 de mayo al 5 de junio se llevar\u00e1 a cabo este evento tradicional en este museo de, inform\u00f3 el organizador del evento Despu\u00e9s de 17 a\u00f1os de ausencia se realizar\u00e1 la Expo feria de la ca\u00f1a Navolato 2022, un evento hist\u00f3rico que celebra las bases de la econom\u00eda de este municipio, dio a [&hellip;]<\/p>\n","protected":false},"author":2,"featured_media":13263,"comment_status":"open","ping_status":"open","sticky":false,"template":"","format":"standard","meta":{"_mi_skip_tracking":false,"footnotes":""},"categories":[12],"tags":[1808,106],"class_list":["post-13262","post","type-post","status-publish","format-standard","has-post-thumbnail","hentry","category-ciudad","tag-feria-de-la-cana","tag-navolato"],"_links":{"self":[{"href":"https:\/\/www.puntociegoeditorial.com\/web\/wp-json\/wp\/v2\/posts\/13262","targetHints":{"allow":["GET"]}}],"collection":[{"href":"https:\/\/www.puntociegoeditorial.com\/web\/wp-json\/wp\/v2\/posts"}],"about":[{"href":"https:\/\/www.puntociegoeditorial.com\/web\/wp-json\/wp\/v2\/types\/post"}],"author":[{"embeddable":true,"href":"https:\/\/www.puntociegoeditorial.com\/web\/wp-json\/wp\/v2\/users\/2"}],"replies":[{"embeddable":true,"href":"https:\/\/www.puntociegoeditorial.com\/web\/wp-json\/wp\/v2\/comments?post=13262"}],"version-history":[{"count":1,"href":"https:\/\/www.puntociegoeditorial.com\/web\/wp-json\/wp\/v2\/posts\/13262\/revisions"}],"predecessor-version":[{"id":13264,"href":"https:\/\/www.puntociegoeditorial.com\/web\/wp-json\/wp\/v2\/posts\/13262\/revisions\/13264"}],"wp:featuredmedia":[{"embeddable":true,"href":"https:\/\/www.puntociegoeditorial.com\/web\/wp-json\/wp\/v2\/media\/13263"}],"wp:attachment":[{"href":"https:\/\/www.puntociegoeditorial.com\/web\/wp-json\/wp\/v2\/media?parent=13262"}],"wp:term":[{"taxonomy":"category","embeddable":true,"href":"https:\/\/www.puntociegoeditorial.com\/web\/wp-json\/wp\/v2\/categories?post=13262"},{"taxonomy":"post_tag","embeddable":true,"href":"https:\/\/www.puntociegoeditorial.com\/web\/wp-json\/wp\/v2\/tags?post=13262"}],"curies":[{"name":"wp","href":"https:\/\/api.w.org\/{rel}","templated":true}]}}