{"id":13307,"date":"2022-05-02T14:43:16","date_gmt":"2022-05-02T20:43:16","guid":{"rendered":"https:\/\/puntociegoeditorial.com\/web\/?p=13307"},"modified":"2022-05-02T14:43:16","modified_gmt":"2022-05-02T20:43:16","slug":"rocha-ya-envio-al-congreso-la-cuenta-publica-del-2021","status":"publish","type":"post","link":"https:\/\/www.puntociegoeditorial.com\/web\/2022\/05\/02\/rocha-ya-envio-al-congreso-la-cuenta-publica-del-2021\/","title":{"rendered":"Rocha ya envi\u00f3 al Congreso la cuenta p\u00fablica del 2021"},"content":{"rendered":"\n<p>El mandatario estatal asegur\u00f3 que la oportuna rendici\u00f3n de cuentas es algo que caracterizar\u00e1 a su gobierno<\/p>\n\n\n\n<p>Culiac\u00e1n, Sinaloa, a 2 de mayo del 2022.- En cumplimiento con lo que marca la ley, la semana pasada tuvieron lugar dos acciones que tienen que ver con la planeaci\u00f3n estrat\u00e9gica gubernamental y la rendici\u00f3n de cuentas, pues se present\u00f3 el Plan Estatal de Desarrollo 2022-2027, y tambi\u00e9n se envi\u00f3 al Congreso del Estado para su an\u00e1lisis la cuenta p\u00fablica del 2021.<\/p>\n\n\n\n<p>Esto lo inform\u00f3 el propio gobernador Rub\u00e9n Rocha Moya durante su Conferencia Semanera desde el Auditorio de Palacio de Gobierno, donde destac\u00f3 que la planeaci\u00f3n y la rendici\u00f3n de cuentas ser\u00e1n dos temas centrales de su gobierno.<\/p>\n\n\n\n<p>El mandatario estatal inform\u00f3 que el s\u00e1bado anterior envi\u00f3 al Congreso del Estado para la valoraci\u00f3n de los diputados de la 64 Legislatura, la cuenta p\u00fablica del 2021, que comprende los meses de noviembre y diciembre que corresponden a su gobierno, as\u00ed como los 10 meses restantes, de enero a octubre, de la pasada administraci\u00f3n, pero que por normatividad tiene que presentarse en conjunto, ya que se trata de revisiones anuales.<\/p>\n\n\n\n<p>\u201cYa presentamos el d\u00eda 30 de abril la cuenta p\u00fablica del 2021, comprende 10 meses del gobierno anterior y ya comprende dos meses de nosotros, ya le pueden esculcar a esos dos meses, noviembre y diciembre a ver c\u00f3mo andamos. Ya estamos rindiendo cuentas nosotros\u201d, dijo.<\/p>\n\n\n\n<p>A\u00f1adi\u00f3 que otra de las acciones trascendentales desarrolladas la semana pasada, fue la presentaci\u00f3n del Plan Estatal de Desarrollo 2022-2027, documento rector que de acuerdo a lo que establece la Ley de Planeaci\u00f3n del Estado de Sinaloa, debe presentarse a la sociedad y enviado al Congreso del Estado para su conocimiento, dentro de los siguientes seis meses a la toma de posesi\u00f3n del Ejecutivo estatal.<\/p>\n\n\n\n<p>\u201cSe presentaron oportunamente las dos acciones, el Plan Estatal de Desarrollo y la cuenta p\u00fablica, ya se presentaron al Congreso, aqu\u00ed es planeaci\u00f3n y rendici\u00f3n de cuentas, son dos temas centrales que a m\u00ed me interesa\u201d, concluy\u00f3.<\/p>\n","protected":false},"excerpt":{"rendered":"<p>El mandatario estatal asegur\u00f3 que la oportuna rendici\u00f3n de cuentas es algo que caracterizar\u00e1 a su gobierno Culiac\u00e1n, Sinaloa, a 2 de mayo del 2022.- En cumplimiento con lo que marca la ley, la semana pasada tuvieron lugar dos acciones que tienen que ver con la planeaci\u00f3n estrat\u00e9gica gubernamental y la rendici\u00f3n de cuentas, pues [&hellip;]<\/p>\n","protected":false},"author":2,"featured_media":13308,"comment_status":"open","ping_status":"open","sticky":false,"template":"","format":"standard","meta":{"_mi_skip_tracking":false,"footnotes":""},"categories":[13],"tags":[47,134],"class_list":["post-13307","post","type-post","status-publish","format-standard","has-post-thumbnail","hentry","category-sinaloa","tag-congreso-del-estado","tag-ruben-rocha-moya"],"_links":{"self":[{"href":"https:\/\/www.puntociegoeditorial.com\/web\/wp-json\/wp\/v2\/posts\/13307","targetHints":{"allow":["GET"]}}],"collection":[{"href":"https:\/\/www.puntociegoeditorial.com\/web\/wp-json\/wp\/v2\/posts"}],"about":[{"href":"https:\/\/www.puntociegoeditorial.com\/web\/wp-json\/wp\/v2\/types\/post"}],"author":[{"embeddable":true,"href":"https:\/\/www.puntociegoeditorial.com\/web\/wp-json\/wp\/v2\/users\/2"}],"replies":[{"embeddable":true,"href":"https:\/\/www.puntociegoeditorial.com\/web\/wp-json\/wp\/v2\/comments?post=13307"}],"version-history":[{"count":1,"href":"https:\/\/www.puntociegoeditorial.com\/web\/wp-json\/wp\/v2\/posts\/13307\/revisions"}],"predecessor-version":[{"id":13309,"href":"https:\/\/www.puntociegoeditorial.com\/web\/wp-json\/wp\/v2\/posts\/13307\/revisions\/13309"}],"wp:featuredmedia":[{"embeddable":true,"href":"https:\/\/www.puntociegoeditorial.com\/web\/wp-json\/wp\/v2\/media\/13308"}],"wp:attachment":[{"href":"https:\/\/www.puntociegoeditorial.com\/web\/wp-json\/wp\/v2\/media?parent=13307"}],"wp:term":[{"taxonomy":"category","embeddable":true,"href":"https:\/\/www.puntociegoeditorial.com\/web\/wp-json\/wp\/v2\/categories?post=13307"},{"taxonomy":"post_tag","embeddable":true,"href":"https:\/\/www.puntociegoeditorial.com\/web\/wp-json\/wp\/v2\/tags?post=13307"}],"curies":[{"name":"wp","href":"https:\/\/api.w.org\/{rel}","templated":true}]}}