{"id":13826,"date":"2022-05-12T12:34:58","date_gmt":"2022-05-12T18:34:58","guid":{"rendered":"https:\/\/puntociegoeditorial.com\/web\/?p=13826"},"modified":"2022-05-12T12:34:58","modified_gmt":"2022-05-12T18:34:58","slug":"anuncian-pormenores-del-festival-a-la-burguer-2022","status":"publish","type":"post","link":"https:\/\/www.puntociegoeditorial.com\/web\/2022\/05\/12\/anuncian-pormenores-del-festival-a-la-burguer-2022\/","title":{"rendered":"Anuncian pormenores del festival \u201cA La Burguer 2022\u201d"},"content":{"rendered":"\n<p>Culiac\u00e1n, Sin., a 12 de mayo de 2022.- El Gobierno de Culiac\u00e1n, a trav\u00e9s de la Secretar\u00eda de Desarrollo Econ\u00f3mico, y en coordinaci\u00f3n con el Bazar Colectivo Mx, anunciaron los pormenores del festival \u201cA La Burguer 2022\u201d, el cual se llevar\u00e1 a cabo el d\u00eda viernes 27 de mayo a las 11:00 horas en las instalaci\u00f3n del Jard\u00edn Bot\u00e1nico.<br>Berenice Mascare\u00f1o, titular de la secretar\u00eda, detall\u00f3 que a trav\u00e9s del evento se busca fomentar la sana convivencia familiar y el esparcimiento social, al mismo tiempo que se impulsa la econom\u00eda local y el crecimiento de los micros y peque\u00f1os empresarios de dicho giro comercial.<br>Asimismo, Alma Elenes Bernal, directora de turismo municipio, dijo que este programa se organiza en el marco del D\u00eda Mundial de la Hamburguesa, y cuenta con el respaldo de importantes patrocinadores que buscan generar este tipo de espacios para que la ciudadan\u00eda disfrute de un agradable momento y los emprendedores puedan difundir sus productos.<br>Por su parte, Yerania Lizbeth Avil\u00e9s, representante de Bazar Colectivo Mx, precis\u00f3 que se contar\u00e1 con la participaci\u00f3n de 25 expositores de hamburguesas, entre ellos comerciantes locales, cadenas nacionales y restaurantes internacionales, siendo el acceso totalmente gratuito.<br>\u201cVamos a tener tambi\u00e9n una peque\u00f1a \u00e1rea de mercado, donde podr\u00e1n encontrar artesan\u00edas, joyer\u00eda, zapatos, as\u00ed como tambi\u00e9n reposter\u00eda canina al ser un evento Pet Friendly; adem\u00e1s de un \u00e1rea de ni\u00f1os sin costo alguno, todo ello amenizado por un concierto en vivo en el que tocar\u00e1n diferentes bandas y grupos musicales de Culiac\u00e1n\u201d, indic\u00f3.<\/p>\n","protected":false},"excerpt":{"rendered":"<p>Culiac\u00e1n, Sin., a 12 de mayo de 2022.- El Gobierno de Culiac\u00e1n, a trav\u00e9s de la Secretar\u00eda de Desarrollo Econ\u00f3mico, y en coordinaci\u00f3n con el Bazar Colectivo Mx, anunciaron los pormenores del festival \u201cA La Burguer 2022\u201d, el cual se llevar\u00e1 a cabo el d\u00eda viernes 27 de mayo a las 11:00 horas en las [&hellip;]<\/p>\n","protected":false},"author":2,"featured_media":13827,"comment_status":"open","ping_status":"open","sticky":false,"template":"","format":"standard","meta":{"_mi_skip_tracking":false,"footnotes":""},"categories":[12],"tags":[1877,1879,1878],"class_list":["post-13826","post","type-post","status-publish","format-standard","has-post-thumbnail","hentry","category-ciudad","tag-a-la-burguer-2022","tag-bazar-colectivo-mx","tag-secretaria-de-desarrollo-economico"],"_links":{"self":[{"href":"https:\/\/www.puntociegoeditorial.com\/web\/wp-json\/wp\/v2\/posts\/13826","targetHints":{"allow":["GET"]}}],"collection":[{"href":"https:\/\/www.puntociegoeditorial.com\/web\/wp-json\/wp\/v2\/posts"}],"about":[{"href":"https:\/\/www.puntociegoeditorial.com\/web\/wp-json\/wp\/v2\/types\/post"}],"author":[{"embeddable":true,"href":"https:\/\/www.puntociegoeditorial.com\/web\/wp-json\/wp\/v2\/users\/2"}],"replies":[{"embeddable":true,"href":"https:\/\/www.puntociegoeditorial.com\/web\/wp-json\/wp\/v2\/comments?post=13826"}],"version-history":[{"count":1,"href":"https:\/\/www.puntociegoeditorial.com\/web\/wp-json\/wp\/v2\/posts\/13826\/revisions"}],"predecessor-version":[{"id":13828,"href":"https:\/\/www.puntociegoeditorial.com\/web\/wp-json\/wp\/v2\/posts\/13826\/revisions\/13828"}],"wp:featuredmedia":[{"embeddable":true,"href":"https:\/\/www.puntociegoeditorial.com\/web\/wp-json\/wp\/v2\/media\/13827"}],"wp:attachment":[{"href":"https:\/\/www.puntociegoeditorial.com\/web\/wp-json\/wp\/v2\/media?parent=13826"}],"wp:term":[{"taxonomy":"category","embeddable":true,"href":"https:\/\/www.puntociegoeditorial.com\/web\/wp-json\/wp\/v2\/categories?post=13826"},{"taxonomy":"post_tag","embeddable":true,"href":"https:\/\/www.puntociegoeditorial.com\/web\/wp-json\/wp\/v2\/tags?post=13826"}],"curies":[{"name":"wp","href":"https:\/\/api.w.org\/{rel}","templated":true}]}}