{"id":13836,"date":"2022-05-12T14:25:42","date_gmt":"2022-05-12T20:25:42","guid":{"rendered":"https:\/\/puntociegoeditorial.com\/web\/?p=13836"},"modified":"2022-05-12T14:25:42","modified_gmt":"2022-05-12T20:25:42","slug":"diputada-celia-jauregui-resalta-importancia-de-iniciativa-para-detectar-cancer-en-ninas-ninos-y-adolescentes","status":"publish","type":"post","link":"https:\/\/www.puntociegoeditorial.com\/web\/2022\/05\/12\/diputada-celia-jauregui-resalta-importancia-de-iniciativa-para-detectar-cancer-en-ninas-ninos-y-adolescentes\/","title":{"rendered":"Diputada Celia J\u00e1uregui resalta importancia de iniciativa para detectar c\u00e1ncer en ni\u00f1as, ni\u00f1os y adolescentes"},"content":{"rendered":"\n<p>En conferencia de prensa, la diputada de Movimiento Ciudadano, Celia J\u00e1uregui Ibarra, resalt\u00f3 la relevancia de la iniciativa que present\u00f3 ante el Congreso de Sinaloa para instaurar la Ley para la Detecci\u00f3n del C\u00e1ncer en la Infancia y la Adolescencia del Estado de Sinaloa.<br>\u201cMe siento orgullosa de compartir con ustedes el significado de esta iniciativa que tiene la finalidad de facilitar el acceso a pacientes y sus familias a la informaci\u00f3n relativa a la prestaci\u00f3n de servicios de atenci\u00f3n m\u00e9dica y de calidad, con un diagn\u00f3stico oportuno y seguimiento de la enfermedad y evoluci\u00f3n del tratamiento\u201d.<br>Explic\u00f3 que m\u00e1s del 65 por ciento de los casos se diagnostican de manera tard\u00eda por lo que es necesario que a la menor sospecha las familias acudan a buscar atenci\u00f3n m\u00e9dica para evitar que en M\u00e9xico el c\u00e1ncer deje de ser la principal causa de muerte en menores de 5 a 14 a\u00f1os de edad, cobrando m\u00e1s de 2 mil vidas al a\u00f1o.<br>J\u00e1uregui Ibarra mencion\u00f3 que la iniciativa establece lineamientos para la oportuna prevenci\u00f3n, diagn\u00f3stico, registro, atenci\u00f3n integral, tratamiento, rehabilitaci\u00f3n, control y seguimiento, as\u00ed como la vigilancia epidemiol\u00f3gica del c\u00e1ncer en ni\u00f1as, ni\u00f1os y adolescentes.<br>La diputada de Movimiento Ciudadano dijo que la salud de ni\u00f1as, ni\u00f1os y adolescentes que sufren esta enfermedad no debe depender de la voluntad pol\u00edtica de las y los gobernantes en turno ni de los recursos econ\u00f3micos de las familias, sino de una verdadera pol\u00edtica p\u00fablica humanista en este sentido por parte del Estado al destinar el presupuesto necesario al sector Salud para atender la problem\u00e1tica.<br>A\u00f1adi\u00f3 que la iniciativa cuenta con el respaldo de sus compa\u00f1eras y compa\u00f1eros legisladores en el Congreso de Sinaloa por lo que hay confianza para que la ley se ponga en marcha este mismo a\u00f1o y se le destine presupuesto en 2023.<br>Celia J\u00e1uregui Ibarra indic\u00f3 que conf\u00eda en que a\u00f1o con a\u00f1o la Ley para la Detecci\u00f3n del C\u00e1ncer en la Infancia y la Adolescencia tome solidez y marque un precedente en la atenci\u00f3n de la enfermedad.<\/p>\n","protected":false},"excerpt":{"rendered":"<p>En conferencia de prensa, la diputada de Movimiento Ciudadano, Celia J\u00e1uregui Ibarra, resalt\u00f3 la relevancia de la iniciativa que present\u00f3 ante el Congreso de Sinaloa para instaurar la Ley para la Detecci\u00f3n del C\u00e1ncer en la Infancia y la Adolescencia del Estado de Sinaloa.\u201cMe siento orgullosa de compartir con ustedes el significado de esta iniciativa [&hellip;]<\/p>\n","protected":false},"author":2,"featured_media":13837,"comment_status":"open","ping_status":"open","sticky":false,"template":"","format":"standard","meta":{"_mi_skip_tracking":false,"footnotes":""},"categories":[13],"tags":[47],"class_list":["post-13836","post","type-post","status-publish","format-standard","has-post-thumbnail","hentry","category-sinaloa","tag-congreso-del-estado"],"_links":{"self":[{"href":"https:\/\/www.puntociegoeditorial.com\/web\/wp-json\/wp\/v2\/posts\/13836","targetHints":{"allow":["GET"]}}],"collection":[{"href":"https:\/\/www.puntociegoeditorial.com\/web\/wp-json\/wp\/v2\/posts"}],"about":[{"href":"https:\/\/www.puntociegoeditorial.com\/web\/wp-json\/wp\/v2\/types\/post"}],"author":[{"embeddable":true,"href":"https:\/\/www.puntociegoeditorial.com\/web\/wp-json\/wp\/v2\/users\/2"}],"replies":[{"embeddable":true,"href":"https:\/\/www.puntociegoeditorial.com\/web\/wp-json\/wp\/v2\/comments?post=13836"}],"version-history":[{"count":1,"href":"https:\/\/www.puntociegoeditorial.com\/web\/wp-json\/wp\/v2\/posts\/13836\/revisions"}],"predecessor-version":[{"id":13838,"href":"https:\/\/www.puntociegoeditorial.com\/web\/wp-json\/wp\/v2\/posts\/13836\/revisions\/13838"}],"wp:featuredmedia":[{"embeddable":true,"href":"https:\/\/www.puntociegoeditorial.com\/web\/wp-json\/wp\/v2\/media\/13837"}],"wp:attachment":[{"href":"https:\/\/www.puntociegoeditorial.com\/web\/wp-json\/wp\/v2\/media?parent=13836"}],"wp:term":[{"taxonomy":"category","embeddable":true,"href":"https:\/\/www.puntociegoeditorial.com\/web\/wp-json\/wp\/v2\/categories?post=13836"},{"taxonomy":"post_tag","embeddable":true,"href":"https:\/\/www.puntociegoeditorial.com\/web\/wp-json\/wp\/v2\/tags?post=13836"}],"curies":[{"name":"wp","href":"https:\/\/api.w.org\/{rel}","templated":true}]}}