{"id":13842,"date":"2022-05-12T14:30:44","date_gmt":"2022-05-12T20:30:44","guid":{"rendered":"https:\/\/puntociegoeditorial.com\/web\/?p=13842"},"modified":"2022-05-12T14:30:44","modified_gmt":"2022-05-12T20:30:44","slug":"rinde-protesta-el-dr-alberto-quintero-como-nuevo-subsecretario-de-atencion-medica","status":"publish","type":"post","link":"https:\/\/www.puntociegoeditorial.com\/web\/2022\/05\/12\/rinde-protesta-el-dr-alberto-quintero-como-nuevo-subsecretario-de-atencion-medica\/","title":{"rendered":"Rinde protesta el Dr. Alberto Quintero como nuevo subsecretario de Atenci\u00f3n M\u00e9dica"},"content":{"rendered":"\n<p>Culiac\u00e1n, Sinaloa; 12 de mayo de 2022.- El gobernador Rub\u00e9n Rocha Moya tom\u00f3 la protesta de Ley al Dr. Alberto Quintero P\u00e9rez como nuevo subsecretario de Atenci\u00f3n M\u00e9dica de la Secretar\u00eda de Salud en Sinaloa.<\/p>\n\n\n\n<p>En presencia del secretario de Salud Cuitl\u00e1huac Gonz\u00e1lez Galindo, el mandatario estatal tom\u00f3 la protesta al reconocido m\u00e9dico Alberto Quintero, a quien invit\u00f3 a redoblar los esfuerzos en materia de la Atenci\u00f3n M\u00e9dica como lo demandan los sinaloenses y sobre todo, con la visi\u00f3n humanista y social con que se rige este gobierno.<\/p>\n\n\n\n<p>El gobernador fue enf\u00e1tico al instruirle a hacer del cumplimiento de los derechos de todos, especialmente de las personas m\u00e1s desfavorecidas, el sentido de la actuaci\u00f3n cotidiana y lo convoc\u00f3 a dar testimonio de rectitud e invariable compromiso con la causa de los que menos tienen.<\/p>\n\n\n\n<p>Alberto Quintero P\u00e9rez, quien sustituye en el cargo al Doctor Carlos L\u00f3pez Portillo, se ha desempe\u00f1ado como m\u00e9dico de profesi\u00f3n e investigador en docencia en las Ciencias de la Salud. Ha sido director del Hospital Civil de Culiac\u00e1n, y recientemente hab\u00eda recibido el nombramiento como director del Centro de Salud Urbano de Culiac\u00e1n.<\/p>\n","protected":false},"excerpt":{"rendered":"<p>Culiac\u00e1n, Sinaloa; 12 de mayo de 2022.- El gobernador Rub\u00e9n Rocha Moya tom\u00f3 la protesta de Ley al Dr. Alberto Quintero P\u00e9rez como nuevo subsecretario de Atenci\u00f3n M\u00e9dica de la Secretar\u00eda de Salud en Sinaloa. En presencia del secretario de Salud Cuitl\u00e1huac Gonz\u00e1lez Galindo, el mandatario estatal tom\u00f3 la protesta al reconocido m\u00e9dico Alberto Quintero, [&hellip;]<\/p>\n","protected":false},"author":2,"featured_media":13843,"comment_status":"open","ping_status":"open","sticky":false,"template":"","format":"standard","meta":{"_mi_skip_tracking":false,"footnotes":""},"categories":[13],"tags":[1881,134,1882],"class_list":["post-13842","post","type-post","status-publish","format-standard","has-post-thumbnail","hentry","category-sinaloa","tag-alberto-quintero","tag-ruben-rocha-moya","tag-subsecretario-de-atencion-medica"],"_links":{"self":[{"href":"https:\/\/www.puntociegoeditorial.com\/web\/wp-json\/wp\/v2\/posts\/13842","targetHints":{"allow":["GET"]}}],"collection":[{"href":"https:\/\/www.puntociegoeditorial.com\/web\/wp-json\/wp\/v2\/posts"}],"about":[{"href":"https:\/\/www.puntociegoeditorial.com\/web\/wp-json\/wp\/v2\/types\/post"}],"author":[{"embeddable":true,"href":"https:\/\/www.puntociegoeditorial.com\/web\/wp-json\/wp\/v2\/users\/2"}],"replies":[{"embeddable":true,"href":"https:\/\/www.puntociegoeditorial.com\/web\/wp-json\/wp\/v2\/comments?post=13842"}],"version-history":[{"count":1,"href":"https:\/\/www.puntociegoeditorial.com\/web\/wp-json\/wp\/v2\/posts\/13842\/revisions"}],"predecessor-version":[{"id":13844,"href":"https:\/\/www.puntociegoeditorial.com\/web\/wp-json\/wp\/v2\/posts\/13842\/revisions\/13844"}],"wp:featuredmedia":[{"embeddable":true,"href":"https:\/\/www.puntociegoeditorial.com\/web\/wp-json\/wp\/v2\/media\/13843"}],"wp:attachment":[{"href":"https:\/\/www.puntociegoeditorial.com\/web\/wp-json\/wp\/v2\/media?parent=13842"}],"wp:term":[{"taxonomy":"category","embeddable":true,"href":"https:\/\/www.puntociegoeditorial.com\/web\/wp-json\/wp\/v2\/categories?post=13842"},{"taxonomy":"post_tag","embeddable":true,"href":"https:\/\/www.puntociegoeditorial.com\/web\/wp-json\/wp\/v2\/tags?post=13842"}],"curies":[{"name":"wp","href":"https:\/\/api.w.org\/{rel}","templated":true}]}}