{"id":13951,"date":"2022-05-15T08:56:45","date_gmt":"2022-05-15T14:56:45","guid":{"rendered":"https:\/\/puntociegoeditorial.com\/web\/?p=13951"},"modified":"2022-05-15T08:56:45","modified_gmt":"2022-05-15T14:56:45","slug":"alto-a-la-violencia-feminicida-se-manifestan-en-guasave-por-asesinato-de-martha","status":"publish","type":"post","link":"https:\/\/www.puntociegoeditorial.com\/web\/2022\/05\/15\/alto-a-la-violencia-feminicida-se-manifestan-en-guasave-por-asesinato-de-martha\/","title":{"rendered":"\u00abAlto a la violencia feminicida\u00bb, se manifestan en Guasave por asesinato de Martha"},"content":{"rendered":"\n<p>Guasave, Sin.- \u201cOjal\u00e1 Martha se hubiese atrevido a hablar, que hubiera dicho: me est\u00e1 sucediendo esto\u201d, se lamentaba X\u00f3chilt Berenice Soto Fierro frente a la Unidad de Atenci\u00f3n Temprana de la Fiscal\u00eda en&nbsp;Guasave, con voz entrecortada y haciendo esfuerzos para no llorar se pronunci\u00f3 en protesta por este artero crimen que termin\u00f3 en luto para el municipio de Guasave en un d\u00eda que estaba agendado para conmemorar.<\/p>\n\n\n\n<p>Eran las 17:30 horas de este fat\u00eddico viernes 13 de mayo, decenas de&nbsp;mujeres, en su mayor\u00eda respaldadas por un grupo de hombres que encabezaba el alcalde, se daban cita en el parque Hernando de Villafa\u00f1e a una marcha espont\u00e1nea que se organiz\u00f3 al calor del dolor y del lamento, de la protesta por reclamar una vida que se pierde a manos de quien dec\u00eda amarla dejando a dos peque\u00f1as sin su madre y con el padre como responsable.<\/p>\n\n\n\n<p>La manifestaci\u00f3n de dolor que se le\u00eda en las cartulinas que llevaban era clara: \u201cMi miedo se volvi\u00f3 mi fuerza\u201d, \u201cSolo quiero vivir sin miedo y volver a casa\u201d, \u201cAlto a la violencia feminicida\u201d, con los rostros desencajados y un silencio sepulcral lleg\u00f3 hasta las afueras de la Unidad de Atenci\u00f3n temprana cuando el sol era inclemente a pesar de que el d\u00eda de desped\u00eda.<\/p>\n\n\n\n<p>Guasave est\u00e1 integrado en los cinco municipios con Alerta de G\u00e9nero en el estado y queremos que salga de ah\u00ed, pero no en los documentos, sino en los hechos, gritaba X\u00f3chilt Berenice Soto Fierro, con la impotencia de querer cambiar paradigmas, de terminar con la cultura machista que asesina y masacra a mujeres.<\/p>\n","protected":false},"excerpt":{"rendered":"<p>Guasave, Sin.- \u201cOjal\u00e1 Martha se hubiese atrevido a hablar, que hubiera dicho: me est\u00e1 sucediendo esto\u201d, se lamentaba X\u00f3chilt Berenice Soto Fierro frente a la Unidad de Atenci\u00f3n Temprana de la Fiscal\u00eda en&nbsp;Guasave, con voz entrecortada y haciendo esfuerzos para no llorar se pronunci\u00f3 en protesta por este artero crimen que termin\u00f3 en luto para [&hellip;]<\/p>\n","protected":false},"author":2,"featured_media":13952,"comment_status":"open","ping_status":"open","sticky":false,"template":"","format":"standard","meta":{"_mi_skip_tracking":false,"footnotes":""},"categories":[13],"tags":[1190,92],"class_list":["post-13951","post","type-post","status-publish","format-standard","has-post-thumbnail","hentry","category-sinaloa","tag-feminicidio","tag-guasave"],"_links":{"self":[{"href":"https:\/\/www.puntociegoeditorial.com\/web\/wp-json\/wp\/v2\/posts\/13951","targetHints":{"allow":["GET"]}}],"collection":[{"href":"https:\/\/www.puntociegoeditorial.com\/web\/wp-json\/wp\/v2\/posts"}],"about":[{"href":"https:\/\/www.puntociegoeditorial.com\/web\/wp-json\/wp\/v2\/types\/post"}],"author":[{"embeddable":true,"href":"https:\/\/www.puntociegoeditorial.com\/web\/wp-json\/wp\/v2\/users\/2"}],"replies":[{"embeddable":true,"href":"https:\/\/www.puntociegoeditorial.com\/web\/wp-json\/wp\/v2\/comments?post=13951"}],"version-history":[{"count":1,"href":"https:\/\/www.puntociegoeditorial.com\/web\/wp-json\/wp\/v2\/posts\/13951\/revisions"}],"predecessor-version":[{"id":13953,"href":"https:\/\/www.puntociegoeditorial.com\/web\/wp-json\/wp\/v2\/posts\/13951\/revisions\/13953"}],"wp:featuredmedia":[{"embeddable":true,"href":"https:\/\/www.puntociegoeditorial.com\/web\/wp-json\/wp\/v2\/media\/13952"}],"wp:attachment":[{"href":"https:\/\/www.puntociegoeditorial.com\/web\/wp-json\/wp\/v2\/media?parent=13951"}],"wp:term":[{"taxonomy":"category","embeddable":true,"href":"https:\/\/www.puntociegoeditorial.com\/web\/wp-json\/wp\/v2\/categories?post=13951"},{"taxonomy":"post_tag","embeddable":true,"href":"https:\/\/www.puntociegoeditorial.com\/web\/wp-json\/wp\/v2\/tags?post=13951"}],"curies":[{"name":"wp","href":"https:\/\/api.w.org\/{rel}","templated":true}]}}