{"id":13976,"date":"2022-05-16T09:49:08","date_gmt":"2022-05-16T15:49:08","guid":{"rendered":"https:\/\/puntociegoeditorial.com\/web\/?p=13976"},"modified":"2022-05-16T09:49:08","modified_gmt":"2022-05-16T15:49:08","slug":"rocha-acompana-a-amlo-en-la-celebracion-del-dia-de-las-maestras-y-los-maestros","status":"publish","type":"post","link":"https:\/\/www.puntociegoeditorial.com\/web\/2022\/05\/16\/rocha-acompana-a-amlo-en-la-celebracion-del-dia-de-las-maestras-y-los-maestros\/","title":{"rendered":"Rocha acompa\u00f1a a AMLO en la celebraci\u00f3n del D\u00eda de las maestras y los maestros"},"content":{"rendered":"\n<p>El presidente Andr\u00e9s Manuel L\u00f3pez Obrador anunci\u00f3 mejores condiciones salariales para quienes ejercen la docencia.<\/p>\n\n\n\n<p>Culiac\u00e1n, Sinaloa, 15 de mayo del 2022.- El gobernador Rub\u00e9n Rocha Moya asisti\u00f3 al evento en conmemoraci\u00f3n del D\u00eda de las maestras y los maestros, evento realizado en la CDMX, en la Sede de la Secretar\u00eda de Educaci\u00f3n P\u00fablica.<\/p>\n\n\n\n<p>En el evento, el presidente de M\u00e9xico Andr\u00e9s Manuel L\u00f3pez Obrador se comprometi\u00f3 a dignificar la vida y trabajo a trav\u00e9s de mejoras salariales de los docentes, en el que asegur\u00f3 que el pr\u00f3ximo lunes anunciar\u00e1 con el secretario de Hacienda y Cr\u00e9dito P\u00fablico, Rogelio Ram\u00edrez de la O, la asignaci\u00f3n de m\u00e1s recursos en beneficio de trabajadoras y trabajadores del sector educativo.<\/p>\n\n\n\n<p>Hizo un llamado a los docentes para que en su labor del d\u00eda a d\u00eda, busquen formar buenos ciudadanos, que practiquen el amor al pr\u00f3jimo, ya que esa es una de las tareas de prioridad en la Cuarta Transformaci\u00f3n; tener una sociedad m\u00e1s justa, humana y fraterna.<\/p>\n\n\n\n<p>L\u00f3pez Obrador, asegur\u00f3 que, a trav\u00e9s del programa La Escuela es Nuestra, cada plantel de educaci\u00f3n b\u00e1sica tendr\u00e1 presupuesto para rehabilitar infraestructura y mobiliario, ampliar horarios y brindar servicio de alimentaci\u00f3n a estudiantes, adem\u00e1s de que buscar\u00e1 que se aumenten las becas desde preescolar hasta el doctorado.<\/p>\n\n\n\n<p>Por su parte la titular de Educaci\u00f3n P\u00fablica, Delfina G\u00f3mez \u00c1lvarez, anunci\u00f3 el plan de aumento salarial para el personal docente, el cual se pondr\u00e1 en funci\u00f3n gracias a la pol\u00edtica de austeridad del gobierno federal y este aumento ser\u00e1 escalonado para los maestros que ganen menos de 20 mil pesos mensuales, quienes tendr\u00e1n un aumento que ir\u00e1 desde el 1 hasta el 7 por ciento.<\/p>\n","protected":false},"excerpt":{"rendered":"<p>El presidente Andr\u00e9s Manuel L\u00f3pez Obrador anunci\u00f3 mejores condiciones salariales para quienes ejercen la docencia. Culiac\u00e1n, Sinaloa, 15 de mayo del 2022.- El gobernador Rub\u00e9n Rocha Moya asisti\u00f3 al evento en conmemoraci\u00f3n del D\u00eda de las maestras y los maestros, evento realizado en la CDMX, en la Sede de la Secretar\u00eda de Educaci\u00f3n P\u00fablica. En [&hellip;]<\/p>\n","protected":false},"author":2,"featured_media":13977,"comment_status":"open","ping_status":"open","sticky":false,"template":"","format":"standard","meta":{"_mi_skip_tracking":false,"footnotes":""},"categories":[13],"tags":[184,1902,134],"class_list":["post-13976","post","type-post","status-publish","format-standard","has-post-thumbnail","hentry","category-sinaloa","tag-amlo","tag-dia-del-maestro","tag-ruben-rocha-moya"],"_links":{"self":[{"href":"https:\/\/www.puntociegoeditorial.com\/web\/wp-json\/wp\/v2\/posts\/13976","targetHints":{"allow":["GET"]}}],"collection":[{"href":"https:\/\/www.puntociegoeditorial.com\/web\/wp-json\/wp\/v2\/posts"}],"about":[{"href":"https:\/\/www.puntociegoeditorial.com\/web\/wp-json\/wp\/v2\/types\/post"}],"author":[{"embeddable":true,"href":"https:\/\/www.puntociegoeditorial.com\/web\/wp-json\/wp\/v2\/users\/2"}],"replies":[{"embeddable":true,"href":"https:\/\/www.puntociegoeditorial.com\/web\/wp-json\/wp\/v2\/comments?post=13976"}],"version-history":[{"count":1,"href":"https:\/\/www.puntociegoeditorial.com\/web\/wp-json\/wp\/v2\/posts\/13976\/revisions"}],"predecessor-version":[{"id":13978,"href":"https:\/\/www.puntociegoeditorial.com\/web\/wp-json\/wp\/v2\/posts\/13976\/revisions\/13978"}],"wp:featuredmedia":[{"embeddable":true,"href":"https:\/\/www.puntociegoeditorial.com\/web\/wp-json\/wp\/v2\/media\/13977"}],"wp:attachment":[{"href":"https:\/\/www.puntociegoeditorial.com\/web\/wp-json\/wp\/v2\/media?parent=13976"}],"wp:term":[{"taxonomy":"category","embeddable":true,"href":"https:\/\/www.puntociegoeditorial.com\/web\/wp-json\/wp\/v2\/categories?post=13976"},{"taxonomy":"post_tag","embeddable":true,"href":"https:\/\/www.puntociegoeditorial.com\/web\/wp-json\/wp\/v2\/tags?post=13976"}],"curies":[{"name":"wp","href":"https:\/\/api.w.org\/{rel}","templated":true}]}}