{"id":13998,"date":"2022-05-16T14:17:16","date_gmt":"2022-05-16T20:17:16","guid":{"rendered":"https:\/\/puntociegoeditorial.com\/web\/?p=13998"},"modified":"2022-05-16T14:17:16","modified_gmt":"2022-05-16T20:17:16","slug":"asume-margarita-villaescusa-la-direccion-del-registro-civil","status":"publish","type":"post","link":"https:\/\/www.puntociegoeditorial.com\/web\/2022\/05\/16\/asume-margarita-villaescusa-la-direccion-del-registro-civil\/","title":{"rendered":"Asume Margarita Villaescusa la direcci\u00f3n del Registro Civil"},"content":{"rendered":"\n<p>Culiac\u00e1n, Sinaloa, 16 de mayo del 2022.- El secretario General de Gobierno, Enrique Inzunza C\u00e1zarez, tom\u00f3 protesta este lunes a Margarita Villaescusa Rojo como la nueva directora del Registro Civil, mismo puesto que ya ha comenzado a desarrollar.<\/p>\n\n\n\n<p>Margarita Villaescusa Rojo es licenciada en Psicolog\u00eda Humanista, por el Instituto Humanista de Sinaloa, con maestr\u00eda en Psicoterapia Humanista, su desempe\u00f1o laboral le ha permitido ser la delegada del INFONAVIT en Sinaloa; Coordinadora Regional de la Zona 05 del Colegio de Bachilleres del Estado de Sinaloa.<\/p>\n\n\n\n<p>La nueva directora del Registro Civil, tambi\u00e9n se ha desarrollado como senadora de la Rep\u00fablica por el Estado de Sinaloa; diputada Local a la LVII Legislatura.<\/p>\n\n\n\n<p>Minutos despu\u00e9s Margarita Villaescusa fue recibida por el gobernador Rocha quien exhort\u00f3 a redoblar los esfuerzos en esta \u00e1rea con el prop\u00f3sito de brindar un mejor servicio a las ciudadanas y ciudadanos sinaloenses, tal como es el objetivo de esta administraci\u00f3n de priorizar a los grupos m\u00e1s vulnerables.<\/p>\n\n\n\n<p>Villaescusa Rojo, sustituye en el cargo a Mar\u00eda del Carmen Gayt\u00e1n.<\/p>\n","protected":false},"excerpt":{"rendered":"<p>Culiac\u00e1n, Sinaloa, 16 de mayo del 2022.- El secretario General de Gobierno, Enrique Inzunza C\u00e1zarez, tom\u00f3 protesta este lunes a Margarita Villaescusa Rojo como la nueva directora del Registro Civil, mismo puesto que ya ha comenzado a desarrollar. Margarita Villaescusa Rojo es licenciada en Psicolog\u00eda Humanista, por el Instituto Humanista de Sinaloa, con maestr\u00eda en [&hellip;]<\/p>\n","protected":false},"author":2,"featured_media":13999,"comment_status":"open","ping_status":"open","sticky":false,"template":"","format":"standard","meta":{"_mi_skip_tracking":false,"footnotes":""},"categories":[13],"tags":[1905,1159],"class_list":["post-13998","post","type-post","status-publish","format-standard","has-post-thumbnail","hentry","category-sinaloa","tag-margarita-villaescusa","tag-registro-civil"],"_links":{"self":[{"href":"https:\/\/www.puntociegoeditorial.com\/web\/wp-json\/wp\/v2\/posts\/13998","targetHints":{"allow":["GET"]}}],"collection":[{"href":"https:\/\/www.puntociegoeditorial.com\/web\/wp-json\/wp\/v2\/posts"}],"about":[{"href":"https:\/\/www.puntociegoeditorial.com\/web\/wp-json\/wp\/v2\/types\/post"}],"author":[{"embeddable":true,"href":"https:\/\/www.puntociegoeditorial.com\/web\/wp-json\/wp\/v2\/users\/2"}],"replies":[{"embeddable":true,"href":"https:\/\/www.puntociegoeditorial.com\/web\/wp-json\/wp\/v2\/comments?post=13998"}],"version-history":[{"count":1,"href":"https:\/\/www.puntociegoeditorial.com\/web\/wp-json\/wp\/v2\/posts\/13998\/revisions"}],"predecessor-version":[{"id":14000,"href":"https:\/\/www.puntociegoeditorial.com\/web\/wp-json\/wp\/v2\/posts\/13998\/revisions\/14000"}],"wp:featuredmedia":[{"embeddable":true,"href":"https:\/\/www.puntociegoeditorial.com\/web\/wp-json\/wp\/v2\/media\/13999"}],"wp:attachment":[{"href":"https:\/\/www.puntociegoeditorial.com\/web\/wp-json\/wp\/v2\/media?parent=13998"}],"wp:term":[{"taxonomy":"category","embeddable":true,"href":"https:\/\/www.puntociegoeditorial.com\/web\/wp-json\/wp\/v2\/categories?post=13998"},{"taxonomy":"post_tag","embeddable":true,"href":"https:\/\/www.puntociegoeditorial.com\/web\/wp-json\/wp\/v2\/tags?post=13998"}],"curies":[{"name":"wp","href":"https:\/\/api.w.org\/{rel}","templated":true}]}}