{"id":14020,"date":"2022-05-16T20:41:10","date_gmt":"2022-05-17T02:41:10","guid":{"rendered":"https:\/\/puntociegoeditorial.com\/web\/?p=14020"},"modified":"2022-05-16T20:41:10","modified_gmt":"2022-05-17T02:41:10","slug":"inicia-jornada-de-salud-publica-municipal-en-las-instalaciones-del-covitario","status":"publish","type":"post","link":"https:\/\/www.puntociegoeditorial.com\/web\/2022\/05\/16\/inicia-jornada-de-salud-publica-municipal-en-las-instalaciones-del-covitario\/","title":{"rendered":"<em>Inicia Jornada de Salud P\u00fablica Municipal en las instalaciones del Covitario<\/em>"},"content":{"rendered":"\n<p>Culiac\u00e1n, Sin., a 16 de mayo de 2022.- Este lunes el Gobierno de Culiac\u00e1n encabezado por el alcalde Lic. Jes\u00fas Estrada Ferreiro dio inicio a la Jornada de Salud P\u00fablica Municipal en las instalaciones del Covitario, esto en atenci\u00f3n al mandato del Gobierno Federal en coordinaci\u00f3n con las instituciones, estatales y federales para llevar los servicios de salud a toda la poblaci\u00f3n vulnerable.<\/p>\n\n\n\n<p>En este esfuerzo, participa el Instituto Mexicano del Seguro Social (IMSS), Secretar\u00eda de Salud del Gobierno del Estado y la Direcci\u00f3n de Salud Municipal, organismos p\u00fablicos encargados de facilitar servicios de salud, consulta, odontolog\u00eda, esterilizaci\u00f3n y vacunaci\u00f3n antirr\u00e1bica de mascotas.<\/p>\n\n\n\n<p>En su mensaje, el Presidente Municipal destac\u00f3 la obligaci\u00f3n que se tiene con el Estado Mexicano en virtud de salvaguardar la salud de la poblaci\u00f3n.<\/p>\n\n\n\n<p>\u00abEsta jornada de salud que se inicia hoy y que sin duda la vocaci\u00f3n de la Dra. Martha Alicia Torres Reyes, es muy notoria pues a nivel nacional se hicieron reconocimientos por los medios de comunicaci\u00f3n por la campa\u00f1a que se hizo en Covid-19; en este lugar que es \u00fanico a nivel nacional, invertimos no solo dinero, sino esfuerzo, trabajo continuo\u00bb, resalt\u00f3 el mun\u00edcipe.<\/p>\n\n\n\n<p>De esta forma, el primer edil resalt\u00f3 que el Gobierno Municipal trabaja a diario, arduamente en el mantenimiento y construcci\u00f3n de mejores servicios p\u00fablicos c\u00f3mo es la rehabilitaci\u00f3n de la Red de drenaje, lo que beneficia a toda la ciudadan\u00eda, evitando con ello el brote de enfermedades.<\/p>\n\n\n\n<p>Por su parte la titular de la Direcci\u00f3n de Salud Municipal destac\u00f3 que los servicios estar\u00e1n brind\u00e1ndose de forma gratuita en la colonia Rosario Uz\u00e1rraga en calle Cuitl\u00e1huac.<\/p>\n","protected":false},"excerpt":{"rendered":"<p>Culiac\u00e1n, Sin., a 16 de mayo de 2022.- Este lunes el Gobierno de Culiac\u00e1n encabezado por el alcalde Lic. Jes\u00fas Estrada Ferreiro dio inicio a la Jornada de Salud P\u00fablica Municipal en las instalaciones del Covitario, esto en atenci\u00f3n al mandato del Gobierno Federal en coordinaci\u00f3n con las instituciones, estatales y federales para llevar los [&hellip;]<\/p>\n","protected":false},"author":2,"featured_media":14021,"comment_status":"open","ping_status":"open","sticky":false,"template":"","format":"standard","meta":{"_mi_skip_tracking":false,"footnotes":""},"categories":[12],"tags":[1699,26,59],"class_list":["post-14020","post","type-post","status-publish","format-standard","has-post-thumbnail","hentry","category-ciudad","tag-covitario-culiacan","tag-culiacan","tag-jesus-estrada-ferreiro"],"_links":{"self":[{"href":"https:\/\/www.puntociegoeditorial.com\/web\/wp-json\/wp\/v2\/posts\/14020","targetHints":{"allow":["GET"]}}],"collection":[{"href":"https:\/\/www.puntociegoeditorial.com\/web\/wp-json\/wp\/v2\/posts"}],"about":[{"href":"https:\/\/www.puntociegoeditorial.com\/web\/wp-json\/wp\/v2\/types\/post"}],"author":[{"embeddable":true,"href":"https:\/\/www.puntociegoeditorial.com\/web\/wp-json\/wp\/v2\/users\/2"}],"replies":[{"embeddable":true,"href":"https:\/\/www.puntociegoeditorial.com\/web\/wp-json\/wp\/v2\/comments?post=14020"}],"version-history":[{"count":1,"href":"https:\/\/www.puntociegoeditorial.com\/web\/wp-json\/wp\/v2\/posts\/14020\/revisions"}],"predecessor-version":[{"id":14022,"href":"https:\/\/www.puntociegoeditorial.com\/web\/wp-json\/wp\/v2\/posts\/14020\/revisions\/14022"}],"wp:featuredmedia":[{"embeddable":true,"href":"https:\/\/www.puntociegoeditorial.com\/web\/wp-json\/wp\/v2\/media\/14021"}],"wp:attachment":[{"href":"https:\/\/www.puntociegoeditorial.com\/web\/wp-json\/wp\/v2\/media?parent=14020"}],"wp:term":[{"taxonomy":"category","embeddable":true,"href":"https:\/\/www.puntociegoeditorial.com\/web\/wp-json\/wp\/v2\/categories?post=14020"},{"taxonomy":"post_tag","embeddable":true,"href":"https:\/\/www.puntociegoeditorial.com\/web\/wp-json\/wp\/v2\/tags?post=14020"}],"curies":[{"name":"wp","href":"https:\/\/api.w.org\/{rel}","templated":true}]}}