{"id":14026,"date":"2022-05-16T20:45:21","date_gmt":"2022-05-17T02:45:21","guid":{"rendered":"https:\/\/puntociegoeditorial.com\/web\/?p=14026"},"modified":"2022-05-16T20:45:21","modified_gmt":"2022-05-17T02:45:21","slug":"avanzan-los-preparativos-de-la-fiesta-del-mar-de-las-cabras","status":"publish","type":"post","link":"https:\/\/www.puntociegoeditorial.com\/web\/2022\/05\/16\/avanzan-los-preparativos-de-la-fiesta-del-mar-de-las-cabras\/","title":{"rendered":"Avanzan los preparativos de la Fiesta del Mar de Las Cabras"},"content":{"rendered":"\n<p>La Direcci\u00f3n de Turismo de Escuinapa invita a disfrutar esta fiesta ancestral<\/p>\n\n\n\n<p>Avanzan los preparativos para llevar a cabo la ancestral Fiesta del Mar de Las Cabras 2022, que espera reunir a m\u00e1s de 150 mil personas del 19 al 23 de mayo.<\/p>\n\n\n\n<p>El Director de Turismo del Municipio de Escuinapa, H\u00e9ctor Salvador Ram\u00edrez Dom\u00ednguez, invit\u00f3 a los sinaloenses y turistas de otras ciudades del Pa\u00eds, a disfrutar la fiesta ancestral que se espera \u201ccon ansias\u201d, pues es la m\u00e1xima celebraci\u00f3n de los escuinapenses.<\/p>\n\n\n\n<p>El funcionario expres\u00f3 que adem\u00e1s de diversi\u00f3n familiar, la Fiesta de las Cabras es un importante detonador de la econom\u00eda regional, pues tan solo en la m\u00e1s reciente edici\u00f3n, el festejo masivo dej\u00f3 una derrama de 15 millones de pesos.<\/p>\n\n\n\n<p>\u201cDurante estos d\u00edas la econom\u00eda del municipio, restaurantes, hoteles, medios de transporte y prestadores de servicios se ven beneficiados por la gran afluencia de personas que asisten a la fiesta\u201d.<\/p>\n\n\n\n<p>Ram\u00edrez Dom\u00ednguez adelant\u00f3 que en el elenco de este a\u00f1o destaca la actuaci\u00f3n musical de Max Peraza, Banda Punto Final y Ad\u00e1n Romero, entre otras sorpresas para el p\u00fablico que tradicionalmente acampa en la playa durante los d\u00edas del festejo.<\/p>\n\n\n\n<p>\u201c(Queremos) que la gente se d\u00e9 la oportunidad y venga a vivir la experiencia, es una fiesta 100 por ciento familiar, las familias del municipio literalmente se trasladan a vivir en enramadas en la playa, es un concepto \u00fanico en M\u00e9xico y en el mundo\u201d, coment\u00f3.<br>H\u00e9ctor Ram\u00edrez a\u00f1adi\u00f3 que se ha hecho costumbre que las familias se trasladen a Las Cabras, con todos los utensilios del hogar, literalmente se van a vivir a la playa, se quedan a dormir y hay quienes se van con dos d\u00edas de anticipaci\u00f3n para empezar a organizar las enramadas donde se alojan.<\/p>\n\n\n\n<p>Aclar\u00f3 que hay \u00e1reas destinadas para poner casas de campa\u00f1a, pero por lo general, las personas apartan su espacio con anticipaci\u00f3n, son m\u00e1s de 700 enramadas, hay un cobro por cada enramada; el dinero lo maneja el comit\u00e9 organizador y se utiliza para los gastos de la fiesta, pues el acceso a disfrutar los elencos es gratuito.<\/p>\n","protected":false},"excerpt":{"rendered":"<p>La Direcci\u00f3n de Turismo de Escuinapa invita a disfrutar esta fiesta ancestral Avanzan los preparativos para llevar a cabo la ancestral Fiesta del Mar de Las Cabras 2022, que espera reunir a m\u00e1s de 150 mil personas del 19 al 23 de mayo. El Director de Turismo del Municipio de Escuinapa, H\u00e9ctor Salvador Ram\u00edrez Dom\u00ednguez, [&hellip;]<\/p>\n","protected":false},"author":2,"featured_media":14027,"comment_status":"open","ping_status":"open","sticky":false,"template":"","format":"standard","meta":{"_mi_skip_tracking":false,"footnotes":""},"categories":[13],"tags":[380,1906],"class_list":["post-14026","post","type-post","status-publish","format-standard","has-post-thumbnail","hentry","category-sinaloa","tag-escuinapa","tag-fiesta-del-mar-de-las-cabras"],"_links":{"self":[{"href":"https:\/\/www.puntociegoeditorial.com\/web\/wp-json\/wp\/v2\/posts\/14026","targetHints":{"allow":["GET"]}}],"collection":[{"href":"https:\/\/www.puntociegoeditorial.com\/web\/wp-json\/wp\/v2\/posts"}],"about":[{"href":"https:\/\/www.puntociegoeditorial.com\/web\/wp-json\/wp\/v2\/types\/post"}],"author":[{"embeddable":true,"href":"https:\/\/www.puntociegoeditorial.com\/web\/wp-json\/wp\/v2\/users\/2"}],"replies":[{"embeddable":true,"href":"https:\/\/www.puntociegoeditorial.com\/web\/wp-json\/wp\/v2\/comments?post=14026"}],"version-history":[{"count":1,"href":"https:\/\/www.puntociegoeditorial.com\/web\/wp-json\/wp\/v2\/posts\/14026\/revisions"}],"predecessor-version":[{"id":14028,"href":"https:\/\/www.puntociegoeditorial.com\/web\/wp-json\/wp\/v2\/posts\/14026\/revisions\/14028"}],"wp:featuredmedia":[{"embeddable":true,"href":"https:\/\/www.puntociegoeditorial.com\/web\/wp-json\/wp\/v2\/media\/14027"}],"wp:attachment":[{"href":"https:\/\/www.puntociegoeditorial.com\/web\/wp-json\/wp\/v2\/media?parent=14026"}],"wp:term":[{"taxonomy":"category","embeddable":true,"href":"https:\/\/www.puntociegoeditorial.com\/web\/wp-json\/wp\/v2\/categories?post=14026"},{"taxonomy":"post_tag","embeddable":true,"href":"https:\/\/www.puntociegoeditorial.com\/web\/wp-json\/wp\/v2\/tags?post=14026"}],"curies":[{"name":"wp","href":"https:\/\/api.w.org\/{rel}","templated":true}]}}