{"id":14032,"date":"2022-05-16T20:50:50","date_gmt":"2022-05-17T02:50:50","guid":{"rendered":"https:\/\/puntociegoeditorial.com\/web\/?p=14032"},"modified":"2022-05-16T20:50:50","modified_gmt":"2022-05-17T02:50:50","slug":"asegura-rocha-que-visita-de-mario-delgado-no-fue-para-abogar-por-nadie","status":"publish","type":"post","link":"https:\/\/www.puntociegoeditorial.com\/web\/2022\/05\/16\/asegura-rocha-que-visita-de-mario-delgado-no-fue-para-abogar-por-nadie\/","title":{"rendered":"Asegura Rocha que visita de Mario Delgado no fue para abogar por nadie"},"content":{"rendered":"\n<p>Culiac\u00e1n, Sin.-&nbsp;Mario Delgado, dirigente Nacional de Morena e Ignacio Mier, coordinador de los diputados de este partido no vinieron a Sinaloa a abogar por nadie, aclar\u00f3 el gobernador de Sinaloa,&nbsp;Rub\u00e9n Rocha Moya.<\/p>\n\n\n\n<p>Tras la reuni\u00f3n privada que sostuvieron los l\u00edderes morenistas con el mandatario estatal, Rocha Moya inform\u00f3 que se tocaron muchos temas, pero no uno en espec\u00edfico, mucho menos a dar alguna postura por el proceso de juicio pol\u00edtico que traviesa el alcalde de Culiac\u00e1n, Jes\u00fas Estrada Ferreiro.<\/p>\n\n\n\n<p>\u201cPlaticamos de muchas cosas, no ten\u00edan agenda espec\u00edfica (\u2026) Los asuntos que tienen que ver con Morena que est\u00e1n en proceso aqu\u00ed, pues est\u00e1n en proceso, ellos no tienen ninguna opini\u00f3n, no hicimos reuni\u00f3n de partes. No vinieron a abogar por nadie ni a tratar un asunto particular de Sinaloa\u201d, apunt\u00f3.<\/p>\n\n\n\n<p>Rub\u00e9n Rocha, se\u00f1al\u00f3 que Delgado y Mier solo andaban en campa\u00f1a de la gubernatura de Durango y decidieron venir a Culiac\u00e1n a saludarlo, al mismo tiempo que lo invitaron a un evento en dicho estado.<\/p>\n","protected":false},"excerpt":{"rendered":"<p>Culiac\u00e1n, Sin.-&nbsp;Mario Delgado, dirigente Nacional de Morena e Ignacio Mier, coordinador de los diputados de este partido no vinieron a Sinaloa a abogar por nadie, aclar\u00f3 el gobernador de Sinaloa,&nbsp;Rub\u00e9n Rocha Moya. Tras la reuni\u00f3n privada que sostuvieron los l\u00edderes morenistas con el mandatario estatal, Rocha Moya inform\u00f3 que se tocaron muchos temas, pero no [&hellip;]<\/p>\n","protected":false},"author":2,"featured_media":14033,"comment_status":"open","ping_status":"open","sticky":false,"template":"","format":"standard","meta":{"_mi_skip_tracking":false,"footnotes":""},"categories":[13],"tags":[227,134],"class_list":["post-14032","post","type-post","status-publish","format-standard","has-post-thumbnail","hentry","category-sinaloa","tag-morena","tag-ruben-rocha-moya"],"_links":{"self":[{"href":"https:\/\/www.puntociegoeditorial.com\/web\/wp-json\/wp\/v2\/posts\/14032","targetHints":{"allow":["GET"]}}],"collection":[{"href":"https:\/\/www.puntociegoeditorial.com\/web\/wp-json\/wp\/v2\/posts"}],"about":[{"href":"https:\/\/www.puntociegoeditorial.com\/web\/wp-json\/wp\/v2\/types\/post"}],"author":[{"embeddable":true,"href":"https:\/\/www.puntociegoeditorial.com\/web\/wp-json\/wp\/v2\/users\/2"}],"replies":[{"embeddable":true,"href":"https:\/\/www.puntociegoeditorial.com\/web\/wp-json\/wp\/v2\/comments?post=14032"}],"version-history":[{"count":1,"href":"https:\/\/www.puntociegoeditorial.com\/web\/wp-json\/wp\/v2\/posts\/14032\/revisions"}],"predecessor-version":[{"id":14034,"href":"https:\/\/www.puntociegoeditorial.com\/web\/wp-json\/wp\/v2\/posts\/14032\/revisions\/14034"}],"wp:featuredmedia":[{"embeddable":true,"href":"https:\/\/www.puntociegoeditorial.com\/web\/wp-json\/wp\/v2\/media\/14033"}],"wp:attachment":[{"href":"https:\/\/www.puntociegoeditorial.com\/web\/wp-json\/wp\/v2\/media?parent=14032"}],"wp:term":[{"taxonomy":"category","embeddable":true,"href":"https:\/\/www.puntociegoeditorial.com\/web\/wp-json\/wp\/v2\/categories?post=14032"},{"taxonomy":"post_tag","embeddable":true,"href":"https:\/\/www.puntociegoeditorial.com\/web\/wp-json\/wp\/v2\/tags?post=14032"}],"curies":[{"name":"wp","href":"https:\/\/api.w.org\/{rel}","templated":true}]}}