{"id":14035,"date":"2022-05-16T20:52:11","date_gmt":"2022-05-17T02:52:11","guid":{"rendered":"https:\/\/puntociegoeditorial.com\/web\/?p=14035"},"modified":"2022-05-16T20:52:11","modified_gmt":"2022-05-17T02:52:11","slug":"perro-que-ladra-no-muerde-le-responde-rocha-a-estrada","status":"publish","type":"post","link":"https:\/\/www.puntociegoeditorial.com\/web\/2022\/05\/16\/perro-que-ladra-no-muerde-le-responde-rocha-a-estrada\/","title":{"rendered":"\u201cPerro que ladra no muerde\u201d, le responde Rocha a Estrada"},"content":{"rendered":"\n<p>Culiac\u00e1n, Sin.-&nbsp;Si \u00e9l me dijo&nbsp;\u2018perro rabioso\u2019&nbsp;yo le respondo&nbsp;\u2018perro que ladra no muerde\u2019,&nbsp;manifest\u00f3 el&nbsp;gobernador,&nbsp;Rub\u00e9n Rocha Moya, ante la&nbsp;amenaza del alcalde de Culiac\u00e1n, Jes\u00fas Estrada Ferreiro, de&nbsp;\u2018sacar trapitos al sol\u2019&nbsp;sobre su&nbsp;gobierno, ya que asegur\u00f3 hay&nbsp;injerencia&nbsp;en el&nbsp;proceso de juicio pol\u00edtico&nbsp;en su contra.<\/p>\n\n\n\n<p>Rocha Moya subray\u00f3 que por ser funcionarios p\u00fablicos, est\u00e1n bajo el escrutinio ciudadano y deben hacerle frente a cualquier se\u00f1alamiento, pero con las debidas denuncias previas.<\/p>\n\n\n\n<p>\u201cSi el alcalde o qui\u00e9n sea, tiene cosas que sacar, que no las anuncie, que las diga, que las ponga ah\u00ed, eso es lo importante. Ustedes saben que me acus\u00f3 de perro rabioso, pero yo dir\u00eda; perro que ladra no muerde, que digan las cosas\u201d, apunt\u00f3.<\/p>\n\n\n\n<p>El gobernador, coment\u00f3 sobre el cambio de actitud que aparenta el primer edil y se\u00f1al\u00f3 que no hay una verdadera disposici\u00f3n de Estrada Ferreiro de apoyar a las viudas de polic\u00edas, sino que es un juego de palabras, pues agreg\u00f3 que seg\u00fan el alcalde de Culiac\u00e1n, la Suprema Corte de Justicia no le permite retirar la controversia constitucional.<\/p>\n","protected":false},"excerpt":{"rendered":"<p>Culiac\u00e1n, Sin.-&nbsp;Si \u00e9l me dijo&nbsp;\u2018perro rabioso\u2019&nbsp;yo le respondo&nbsp;\u2018perro que ladra no muerde\u2019,&nbsp;manifest\u00f3 el&nbsp;gobernador,&nbsp;Rub\u00e9n Rocha Moya, ante la&nbsp;amenaza del alcalde de Culiac\u00e1n, Jes\u00fas Estrada Ferreiro, de&nbsp;\u2018sacar trapitos al sol\u2019&nbsp;sobre su&nbsp;gobierno, ya que asegur\u00f3 hay&nbsp;injerencia&nbsp;en el&nbsp;proceso de juicio pol\u00edtico&nbsp;en su contra. Rocha Moya subray\u00f3 que por ser funcionarios p\u00fablicos, est\u00e1n bajo el escrutinio ciudadano y deben hacerle [&hellip;]<\/p>\n","protected":false},"author":2,"featured_media":14036,"comment_status":"open","ping_status":"open","sticky":false,"template":"","format":"standard","meta":{"_mi_skip_tracking":false,"footnotes":""},"categories":[13],"tags":[59,134],"class_list":["post-14035","post","type-post","status-publish","format-standard","has-post-thumbnail","hentry","category-sinaloa","tag-jesus-estrada-ferreiro","tag-ruben-rocha-moya"],"_links":{"self":[{"href":"https:\/\/www.puntociegoeditorial.com\/web\/wp-json\/wp\/v2\/posts\/14035","targetHints":{"allow":["GET"]}}],"collection":[{"href":"https:\/\/www.puntociegoeditorial.com\/web\/wp-json\/wp\/v2\/posts"}],"about":[{"href":"https:\/\/www.puntociegoeditorial.com\/web\/wp-json\/wp\/v2\/types\/post"}],"author":[{"embeddable":true,"href":"https:\/\/www.puntociegoeditorial.com\/web\/wp-json\/wp\/v2\/users\/2"}],"replies":[{"embeddable":true,"href":"https:\/\/www.puntociegoeditorial.com\/web\/wp-json\/wp\/v2\/comments?post=14035"}],"version-history":[{"count":1,"href":"https:\/\/www.puntociegoeditorial.com\/web\/wp-json\/wp\/v2\/posts\/14035\/revisions"}],"predecessor-version":[{"id":14037,"href":"https:\/\/www.puntociegoeditorial.com\/web\/wp-json\/wp\/v2\/posts\/14035\/revisions\/14037"}],"wp:featuredmedia":[{"embeddable":true,"href":"https:\/\/www.puntociegoeditorial.com\/web\/wp-json\/wp\/v2\/media\/14036"}],"wp:attachment":[{"href":"https:\/\/www.puntociegoeditorial.com\/web\/wp-json\/wp\/v2\/media?parent=14035"}],"wp:term":[{"taxonomy":"category","embeddable":true,"href":"https:\/\/www.puntociegoeditorial.com\/web\/wp-json\/wp\/v2\/categories?post=14035"},{"taxonomy":"post_tag","embeddable":true,"href":"https:\/\/www.puntociegoeditorial.com\/web\/wp-json\/wp\/v2\/tags?post=14035"}],"curies":[{"name":"wp","href":"https:\/\/api.w.org\/{rel}","templated":true}]}}