{"id":14038,"date":"2022-05-16T20:53:29","date_gmt":"2022-05-17T02:53:29","guid":{"rendered":"https:\/\/puntociegoeditorial.com\/web\/?p=14038"},"modified":"2022-05-16T20:53:29","modified_gmt":"2022-05-17T02:53:29","slug":"quedamos-como-amigos-rocha-sobre-su-relacion-con-cuen","status":"publish","type":"post","link":"https:\/\/www.puntociegoeditorial.com\/web\/2022\/05\/16\/quedamos-como-amigos-rocha-sobre-su-relacion-con-cuen\/","title":{"rendered":"\u00abQuedamos como amigos\u00bb, Rocha sobre su relaci\u00f3n con Cu\u00e9n"},"content":{"rendered":"\n<p>Culiac\u00e1n,Sin.- El gobernador de Sinaloa, Rub\u00e9n Rocha Moya, asegur\u00f3 que mantiene una relaci\u00f3n de amistad con H\u00e9ctor Melesio Cu\u00e9n Ojeda, pese a su salida de la Secretar\u00eda de Salud.<\/p>\n\n\n\n<p>Durante la conferencia semanera, el mandatario estatal aclar\u00f3 que, \u00e9l no se opondr\u00e1 a una nueva alianza Morena-PAS en las elecciones del 2024.<\/p>\n\n\n\n<p>Rocha Moya dijo que ,incluso, en su celular tiene un mensaje de&nbsp;Cu\u00e9n&nbsp;donde le dice que seguir\u00e1n siendo amigos, pues se entiende que este tipo de situaciones ocurren en el servicio p\u00fablico.<\/p>\n\n\n\n<p>A\u00f1adi\u00f3 que este tipo de acuerdos, como el que hubo en 2021, son de car\u00e1cter electoral y no conllevan establecer gobiernos de coalici\u00f3n.<\/p>\n","protected":false},"excerpt":{"rendered":"<p>Culiac\u00e1n,Sin.- El gobernador de Sinaloa, Rub\u00e9n Rocha Moya, asegur\u00f3 que mantiene una relaci\u00f3n de amistad con H\u00e9ctor Melesio Cu\u00e9n Ojeda, pese a su salida de la Secretar\u00eda de Salud. Durante la conferencia semanera, el mandatario estatal aclar\u00f3 que, \u00e9l no se opondr\u00e1 a una nueva alianza Morena-PAS en las elecciones del 2024. Rocha Moya dijo [&hellip;]<\/p>\n","protected":false},"author":2,"featured_media":14039,"comment_status":"open","ping_status":"open","sticky":false,"template":"","format":"standard","meta":{"_mi_skip_tracking":false,"footnotes":""},"categories":[13],"tags":[352,134],"class_list":["post-14038","post","type-post","status-publish","format-standard","has-post-thumbnail","hentry","category-sinaloa","tag-hector-melesio-cuen","tag-ruben-rocha-moya"],"_links":{"self":[{"href":"https:\/\/www.puntociegoeditorial.com\/web\/wp-json\/wp\/v2\/posts\/14038","targetHints":{"allow":["GET"]}}],"collection":[{"href":"https:\/\/www.puntociegoeditorial.com\/web\/wp-json\/wp\/v2\/posts"}],"about":[{"href":"https:\/\/www.puntociegoeditorial.com\/web\/wp-json\/wp\/v2\/types\/post"}],"author":[{"embeddable":true,"href":"https:\/\/www.puntociegoeditorial.com\/web\/wp-json\/wp\/v2\/users\/2"}],"replies":[{"embeddable":true,"href":"https:\/\/www.puntociegoeditorial.com\/web\/wp-json\/wp\/v2\/comments?post=14038"}],"version-history":[{"count":1,"href":"https:\/\/www.puntociegoeditorial.com\/web\/wp-json\/wp\/v2\/posts\/14038\/revisions"}],"predecessor-version":[{"id":14040,"href":"https:\/\/www.puntociegoeditorial.com\/web\/wp-json\/wp\/v2\/posts\/14038\/revisions\/14040"}],"wp:featuredmedia":[{"embeddable":true,"href":"https:\/\/www.puntociegoeditorial.com\/web\/wp-json\/wp\/v2\/media\/14039"}],"wp:attachment":[{"href":"https:\/\/www.puntociegoeditorial.com\/web\/wp-json\/wp\/v2\/media?parent=14038"}],"wp:term":[{"taxonomy":"category","embeddable":true,"href":"https:\/\/www.puntociegoeditorial.com\/web\/wp-json\/wp\/v2\/categories?post=14038"},{"taxonomy":"post_tag","embeddable":true,"href":"https:\/\/www.puntociegoeditorial.com\/web\/wp-json\/wp\/v2\/tags?post=14038"}],"curies":[{"name":"wp","href":"https:\/\/api.w.org\/{rel}","templated":true}]}}