{"id":14042,"date":"2022-05-17T11:52:10","date_gmt":"2022-05-17T17:52:10","guid":{"rendered":"https:\/\/puntociegoeditorial.com\/web\/?p=14042"},"modified":"2022-05-17T11:52:10","modified_gmt":"2022-05-17T17:52:10","slug":"un-exito-charla-impartida-por-el-arbitro-profesional-cesar-arturo-ramos-organizada-por-el-imdec","status":"publish","type":"post","link":"https:\/\/www.puntociegoeditorial.com\/web\/2022\/05\/17\/un-exito-charla-impartida-por-el-arbitro-profesional-cesar-arturo-ramos-organizada-por-el-imdec\/","title":{"rendered":"Un \u00e9xito charla impartida por el \u00e1rbitro profesional C\u00e9sar Arturo Ramos organizada por el IMDEC"},"content":{"rendered":"\n<p>Fue realizado por el Gobierno de Culiac\u00e1n que encabeza el Lic. Jes\u00fas Estrada Ferreiro a trav\u00e9s del Instituto Municipal del Deporte y la Cultura F\u00edsica, que dirige Heriberto &#8216;Talism\u00e1n&#8217; Garc\u00eda Osuna.<\/p>\n\n\n\n<p>Culiac\u00e1n, Sinaloa a 16 de mayo de 2022.- El \u00e1rbitro central culiacanense, C\u00e9sar Arturo Ramos Palazuelos, charl\u00f3, platic\u00f3 y record\u00f3 an\u00e9cdotas desde su ingreso al arbitraje amateur hasta lograr ser un destacado juez de campo en el futbol Profesional, adem\u00e1s de haber sancionado una Copa del Mundo y Juegos Ol\u00edmpicos en sus 21 a\u00f1os de recorrido en el balompi\u00e9 del orbe.<br>Ello, en el marco de la Conferencia \u00abHistorias de \u00c9xito en el Deporte\u00bb, organizada por el Gobierno de Culiac\u00e1n que encabeza, Lic. Jes\u00fas Estrada Ferreiro a trav\u00e9s del Instituto Municipal del Deporte y la Cultura F\u00edsica, que dirige Heriberto &#8216;Talism\u00e1n&#8217; Garc\u00eda Osuna, quienes expresaron su agradecimiento por haber aceptado venir y platicar sus experiencias que lo han llevado a la cima del \u00e9xito a sus 38 a\u00f1os de vida.<\/p>\n\n\n\n<p>En su mensaje el Alcalde, expres\u00f3 su agradecimiento al \u00e1rbitro culiacanense y dijo que el deporte y la cultura siempre van hacer factores importantes para la convivencia de un pueblo. Ojal\u00e1 y que sigan haciendo este tipo de eventos y este que fue muy bonito y bien organizado por el Instituto Municipal del Deporte y la Cultura F\u00edsica, que dirige Heriberto Garc\u00eda, sobre todo por invitar al culiacanense que ha logrado llegar al \u00e9xito.<\/p>\n\n\n\n<p>Desde que lleg\u00f3 al patio Central de Palacio Municipal de Culiac\u00e1n, Ramos Palazuelos educado y sencillo, se entreg\u00f3 a su gente. Se tom\u00f3 fotograf\u00edas. Atendi\u00f3 a los Medios de Comunicaci\u00f3n e interactu\u00f3 con una muy buena memoria, presumiendo con gran filosof\u00eda quienes eran y donde los hab\u00eda conocido durante su paso como \u00e1rbitro en los campos de futbol del Centro C\u00edvico Constituci\u00f3n, donde inici\u00f3 su formaci\u00f3n.<\/p>\n\n\n\n<p>Ante sus invitados, su carta de presentaci\u00f3n la abri\u00f3 recordando las 6 finales que ha sancionado en la Liga MX (Le\u00f3n vs Am\u00e9rica, 2013; Pachuca vs Le\u00f3n, 2014; Toluca vs Santos 2018; Cruz Azul vs Am\u00e9rica, 2018); Le\u00f3n vs Tigres, 2019 y Am\u00e9rica vs Monterrey en el 2019). Tres finales de Copa MX (Atlante vs Cruz Azul, 2013; Santos vs Puebla 2014 y Necaxa contra Toluca en 2018.<\/p>\n\n\n\n<p>Licenciado en Periodismo y padre de dos hijas, explica que \u201cel alto rendimiento exige sacrificios muy marcados, porque hay que levantarse antes de las 5 de la ma\u00f1ana, hidratarse r\u00e1pido para irse al entrenamiento a las 6. Hacer el trabajo espec\u00edfico que te manda todos los d\u00edas la Comisi\u00f3n de \u00c1rbitros y Concacaf de forma personalizada en una aplicaci\u00f3n, la cual hay que rep\u00f3rtalo luego de grabar en un reloj que toma la frecuencia cardiaca y las distancias.<br>\u201cLuego sancionamos un partido con jugadores viendo lo t\u00e1ctico que tiene que ver con tiros de esquina, luego v\u00eda zoom analizando partidos de un d\u00eda anterior, que se hizo bien, que no; te pesan cada lunes y cada semana examen de covid, agua y suero antes de cada partido; no nos podemos dar muchos lujos con la comida, en fin, muy de vez en cuando nos tomamos un tequila, pero muy de vez en cuando, esa es la vida de un \u00e1rbitro\u201d, dijo sonriendo al p\u00fablico asistente.<\/p>\n\n\n\n<p>Durante preguntas y respuestas, C\u00e9sar Ramos sostuvo que no hace caso del entorno social, que no le gustan los programas contaminantes, as\u00ed como nunca lee opiniones en redes porque el 80 por ciento es para criticar su actuar, por eso, mejor ve y escucha a la Comisi\u00f3n de \u00c1rbitros para que lo eval\u00fae.<\/p>\n\n\n\n<p>Finalmente dijo que el abrirse camino no fue f\u00e1cil, y que sin embargo ya he estado en 30 fronteras y a\u00fan se puede seguir creciendo.<\/p>\n\n\n\n<p>Al t\u00e9rmino de la charla, el Alcalde Lic. Jes\u00fas Estrada Ferreiro hizo entrega de un reconocimiento y un Bal\u00f3n de Oro, a C\u00e9sar Arturo, como agradecimiento por haber dado esta charla.<\/p>\n\n\n\n<p>En reciprocidad, el silbante culiacanense le otorg\u00f3 al presidente municipal el bal\u00f3n con el que se jug\u00f3 el partido Tigres contra Cruz Azul, en el de ida de Cuartos de Final de la Liga MX, en el que Ramos Palazuelos dirigi\u00f3.<\/p>\n\n\n\n<p>Adem\u00e1s, el director general del IMDEC, Heriberto Garc\u00eda Osuna le hizo entrega a C\u00e9sar Arturo, una casaca, misma que portaba cuando jugaba con Tomateros de Culiac\u00e1n.<\/p>\n","protected":false},"excerpt":{"rendered":"<p>Fue realizado por el Gobierno de Culiac\u00e1n que encabeza el Lic. Jes\u00fas Estrada Ferreiro a trav\u00e9s del Instituto Municipal del Deporte y la Cultura F\u00edsica, que dirige Heriberto &#8216;Talism\u00e1n&#8217; Garc\u00eda Osuna. Culiac\u00e1n, Sinaloa a 16 de mayo de 2022.- El \u00e1rbitro central culiacanense, C\u00e9sar Arturo Ramos Palazuelos, charl\u00f3, platic\u00f3 y record\u00f3 an\u00e9cdotas desde su ingreso [&hellip;]<\/p>\n","protected":false},"author":2,"featured_media":14043,"comment_status":"open","ping_status":"open","sticky":false,"template":"","format":"standard","meta":{"_mi_skip_tracking":false,"footnotes":""},"categories":[12],"tags":[1907,808,503,59],"class_list":["post-14042","post","type-post","status-publish","format-standard","has-post-thumbnail","hentry","category-ciudad","tag-cesar-arturo-ramos","tag-heriberto-talisman-garcia","tag-imdec","tag-jesus-estrada-ferreiro"],"_links":{"self":[{"href":"https:\/\/www.puntociegoeditorial.com\/web\/wp-json\/wp\/v2\/posts\/14042","targetHints":{"allow":["GET"]}}],"collection":[{"href":"https:\/\/www.puntociegoeditorial.com\/web\/wp-json\/wp\/v2\/posts"}],"about":[{"href":"https:\/\/www.puntociegoeditorial.com\/web\/wp-json\/wp\/v2\/types\/post"}],"author":[{"embeddable":true,"href":"https:\/\/www.puntociegoeditorial.com\/web\/wp-json\/wp\/v2\/users\/2"}],"replies":[{"embeddable":true,"href":"https:\/\/www.puntociegoeditorial.com\/web\/wp-json\/wp\/v2\/comments?post=14042"}],"version-history":[{"count":1,"href":"https:\/\/www.puntociegoeditorial.com\/web\/wp-json\/wp\/v2\/posts\/14042\/revisions"}],"predecessor-version":[{"id":14044,"href":"https:\/\/www.puntociegoeditorial.com\/web\/wp-json\/wp\/v2\/posts\/14042\/revisions\/14044"}],"wp:featuredmedia":[{"embeddable":true,"href":"https:\/\/www.puntociegoeditorial.com\/web\/wp-json\/wp\/v2\/media\/14043"}],"wp:attachment":[{"href":"https:\/\/www.puntociegoeditorial.com\/web\/wp-json\/wp\/v2\/media?parent=14042"}],"wp:term":[{"taxonomy":"category","embeddable":true,"href":"https:\/\/www.puntociegoeditorial.com\/web\/wp-json\/wp\/v2\/categories?post=14042"},{"taxonomy":"post_tag","embeddable":true,"href":"https:\/\/www.puntociegoeditorial.com\/web\/wp-json\/wp\/v2\/tags?post=14042"}],"curies":[{"name":"wp","href":"https:\/\/api.w.org\/{rel}","templated":true}]}}