{"id":14583,"date":"2022-05-28T13:02:55","date_gmt":"2022-05-28T19:02:55","guid":{"rendered":"https:\/\/puntociegoeditorial.com\/web\/?p=14583"},"modified":"2022-05-28T13:02:55","modified_gmt":"2022-05-28T19:02:55","slug":"llama-graciela-dominguez-a-seguir-protocolos-de-salud-en-escuelas-para-evitar-contagios-por-covid-19","status":"publish","type":"post","link":"https:\/\/www.puntociegoeditorial.com\/web\/2022\/05\/28\/llama-graciela-dominguez-a-seguir-protocolos-de-salud-en-escuelas-para-evitar-contagios-por-covid-19\/","title":{"rendered":"Llama Graciela Dom\u00ednguez a seguir protocolos de salud en escuelas para evitar contagios por Covid-19"},"content":{"rendered":"\n<p>Recomend\u00f3 mantener las medidas de higiene en planteles y centros de trabajo<\/p>\n\n\n\n<p>Culiac\u00e1n, Sinaloa; viernes 27 de mayo de 2022.- Ante los recientes casos de Covid- 19 registrados en algunas escuelas primarias de la entidad, la Secretaria de Educaci\u00f3n P\u00fablica y Cultura, Graciela Dom\u00ednguez Nava, instruy\u00f3 a toda la estructura educativa a reforzar las medidas de sanidad y a tomar las medidas de higiene recomendadas por el Sector Salud a fin de evitar contagios en los centros escolares.<br>La titular de la Secretar\u00eda de Educaci\u00f3n P\u00fablica y Cultura (SEPyC) indic\u00f3 que es importante continuar con las recomendaciones para evitar la propagaci\u00f3n del virus.<br>\u201cLo que estamos haciendo es seguir las recomendaciones que Salud ya nos indic\u00f3; todas son en t\u00e9rminos de seguir con la higiene; ya se est\u00e1 orientando a toda la estructura educativa para que se puedan difundir todas estas medidas en cada uno de los planteles educativos\u201d, dijo.<br>Es importante, record\u00f3, realizar las cinco principales acciones para prevenir contagios. El primero de ellos implica verificar en casa el estado de salud del ni\u00f1o o ni\u00f1a. En caso de presentar s\u00edntomas como: escurrimiento, fiebre o alg\u00fan otro malestar, preferentemente permanezca en casa.<br>Recomend\u00f3 tambi\u00e9n el lavado constantemente de manos con agua y jab\u00f3n, el uso de gel antibacterial y cubrebocas, as\u00ed como la limpieza constantemente de los espacios de estudio, adem\u00e1s de evitar compartir objetos que se tocan con frecuencia.<br>Dom\u00ednguez Nava coment\u00f3 que, las medidas a tomar en caso de contagio por Covid-19 integran el cierre del sal\u00f3n de clases durante quince d\u00edas, en caso de presentarse un caso confirmado del virus. De registrarse dos o m\u00e1s casos de contagio por Covid-19 en una semana, deber\u00e1 cerrarse la escuela.<br>Lo anterior se combina con la estrategia de colaboraci\u00f3n para las primeras jornadas de vacunaci\u00f3n en escuelas secundarias de la capital sinaloense, a fin de reforzar las acciones emprendidas en las sedes instaladas de manera regular.<br>Este mi\u00e9rcoles y jueves fueron vacunados 1 mil 015 ni\u00f1as y ni\u00f1os de 12 a 14 a\u00f1os de edad en cuatro escuelas secundarias. Se trata de 322 dosis aplicadas el primer d\u00eda y 693 en el segundo.<\/p>\n","protected":false},"excerpt":{"rendered":"<p>Recomend\u00f3 mantener las medidas de higiene en planteles y centros de trabajo Culiac\u00e1n, Sinaloa; viernes 27 de mayo de 2022.- Ante los recientes casos de Covid- 19 registrados en algunas escuelas primarias de la entidad, la Secretaria de Educaci\u00f3n P\u00fablica y Cultura, Graciela Dom\u00ednguez Nava, instruy\u00f3 a toda la estructura educativa a reforzar las medidas [&hellip;]<\/p>\n","protected":false},"author":2,"featured_media":14584,"comment_status":"open","ping_status":"open","sticky":false,"template":"","format":"standard","meta":{"_mi_skip_tracking":false,"footnotes":""},"categories":[13],"tags":[480,77],"class_list":["post-14583","post","type-post","status-publish","format-standard","has-post-thumbnail","hentry","category-sinaloa","tag-graciela-dominguez","tag-sepyc"],"_links":{"self":[{"href":"https:\/\/www.puntociegoeditorial.com\/web\/wp-json\/wp\/v2\/posts\/14583","targetHints":{"allow":["GET"]}}],"collection":[{"href":"https:\/\/www.puntociegoeditorial.com\/web\/wp-json\/wp\/v2\/posts"}],"about":[{"href":"https:\/\/www.puntociegoeditorial.com\/web\/wp-json\/wp\/v2\/types\/post"}],"author":[{"embeddable":true,"href":"https:\/\/www.puntociegoeditorial.com\/web\/wp-json\/wp\/v2\/users\/2"}],"replies":[{"embeddable":true,"href":"https:\/\/www.puntociegoeditorial.com\/web\/wp-json\/wp\/v2\/comments?post=14583"}],"version-history":[{"count":1,"href":"https:\/\/www.puntociegoeditorial.com\/web\/wp-json\/wp\/v2\/posts\/14583\/revisions"}],"predecessor-version":[{"id":14585,"href":"https:\/\/www.puntociegoeditorial.com\/web\/wp-json\/wp\/v2\/posts\/14583\/revisions\/14585"}],"wp:featuredmedia":[{"embeddable":true,"href":"https:\/\/www.puntociegoeditorial.com\/web\/wp-json\/wp\/v2\/media\/14584"}],"wp:attachment":[{"href":"https:\/\/www.puntociegoeditorial.com\/web\/wp-json\/wp\/v2\/media?parent=14583"}],"wp:term":[{"taxonomy":"category","embeddable":true,"href":"https:\/\/www.puntociegoeditorial.com\/web\/wp-json\/wp\/v2\/categories?post=14583"},{"taxonomy":"post_tag","embeddable":true,"href":"https:\/\/www.puntociegoeditorial.com\/web\/wp-json\/wp\/v2\/tags?post=14583"}],"curies":[{"name":"wp","href":"https:\/\/api.w.org\/{rel}","templated":true}]}}