{"id":16083,"date":"2022-07-01T15:10:45","date_gmt":"2022-07-01T21:10:45","guid":{"rendered":"http:\/\/puntociegoeditorial.com\/web\/?p=16083"},"modified":"2022-07-01T15:10:45","modified_gmt":"2022-07-01T21:10:45","slug":"rinde-protesta-carlos-alonso-ramirez-reyes-como-director-del-instituto-municipal-de-cultura-culiacan","status":"publish","type":"post","link":"https:\/\/www.puntociegoeditorial.com\/web\/2022\/07\/01\/rinde-protesta-carlos-alonso-ramirez-reyes-como-director-del-instituto-municipal-de-cultura-culiacan\/","title":{"rendered":"Rinde protesta Carlos Alonso Ram\u00edrez Reyes como director del Instituto Municipal de Cultura Culiac\u00e1n"},"content":{"rendered":"\n<p>Culiac\u00e1n, Sin., a 01 de julio de 2022.- Bajo el compromiso de impulsar la cultura y el arte en cada una de sus expresiones esc\u00e9nicas, en todos los rincones del municipio, el alcalde Juan de Dios G\u00e1mez Mend\u00edvil tom\u00f3 protesta de ley a Carlos Alonso Ram\u00edrez Reyes, como director general del Instituto Municipal de Cultura Culiac\u00e1n.<br>En Sesi\u00f3n Extraordinaria de la Junta Directiva del Instituto Municipal de Cultura Culiac\u00e1n, Juan de Dios G\u00e1mez destac\u00f3 que Carlos Alonso Ram\u00edrez Reyes re\u00fane los requisitos de Ley para ocupar dicho cargo y por tratarse de una persona capacitada y trabajadora, con el \u00e1nimo e \u00edmpetu para desempe\u00f1ar dicha responsabilidad.<br>\u201cEstamos seguros que esta encomienda queda en buenas manos, pues es una persona comprometida con el proyecto de naci\u00f3n impulsado por el Presidente de la Rep\u00fablica, Andr\u00e9s Manuel L\u00f3pez Obrador\u201d, manifest\u00f3 el primer edil.<br>Por su parte, Ram\u00edrez Reyes, nuevo titular del IMCC, manifest\u00f3 su disposici\u00f3n y compromiso por fomentar la cultura a lo largo y ancho de Culiac\u00e1n, priorizando comunidades y sindicaturas, al ser sectores que hist\u00f3ricamente han sido relegados de este tipo de eventos.<br>\u201cNuestro objetivo es contribuir a la formaci\u00f3n de una mejor sociedad, la principal instrucci\u00f3n de nuestro alcalde Juan de Dios G\u00e1mez, es utilizar la cultura como herramienta de construcci\u00f3n de paz, en donde tenemos que llevar el arte a aquellos espacios que jam\u00e1s han tenido oportunidad de presenciar un espect\u00e1culo de danza, poes\u00eda, m\u00fasica, teatro o pintura\u201d, expres\u00f3.<br>Finalmente, agradeci\u00f3 la confianza del alcalde hacia su persona para asumir el cargo, y se propuso mejorar la imagen que se proyecta de Culiac\u00e1n ante el mundo, mediante la organizaci\u00f3n de festivales y espect\u00e1culos culturales de calidad.<\/p>\n","protected":false},"excerpt":{"rendered":"<p>Culiac\u00e1n, Sin., a 01 de julio de 2022.- Bajo el compromiso de impulsar la cultura y el arte en cada una de sus expresiones esc\u00e9nicas, en todos los rincones del municipio, el alcalde Juan de Dios G\u00e1mez Mend\u00edvil tom\u00f3 protesta de ley a Carlos Alonso Ram\u00edrez Reyes, como director general del Instituto Municipal de Cultura [&hellip;]<\/p>\n","protected":false},"author":2,"featured_media":16084,"comment_status":"open","ping_status":"open","sticky":false,"template":"","format":"standard","meta":{"_mi_skip_tracking":false,"footnotes":""},"categories":[12],"tags":[697,2061,1987],"class_list":["post-16083","post","type-post","status-publish","format-standard","has-post-thumbnail","hentry","category-ciudad","tag-ayuntamiento-de-culiacan","tag-instituto-municipal-de-cultura-culiacan","tag-juan-de-dios-gamez-mendivil"],"_links":{"self":[{"href":"https:\/\/www.puntociegoeditorial.com\/web\/wp-json\/wp\/v2\/posts\/16083","targetHints":{"allow":["GET"]}}],"collection":[{"href":"https:\/\/www.puntociegoeditorial.com\/web\/wp-json\/wp\/v2\/posts"}],"about":[{"href":"https:\/\/www.puntociegoeditorial.com\/web\/wp-json\/wp\/v2\/types\/post"}],"author":[{"embeddable":true,"href":"https:\/\/www.puntociegoeditorial.com\/web\/wp-json\/wp\/v2\/users\/2"}],"replies":[{"embeddable":true,"href":"https:\/\/www.puntociegoeditorial.com\/web\/wp-json\/wp\/v2\/comments?post=16083"}],"version-history":[{"count":1,"href":"https:\/\/www.puntociegoeditorial.com\/web\/wp-json\/wp\/v2\/posts\/16083\/revisions"}],"predecessor-version":[{"id":16085,"href":"https:\/\/www.puntociegoeditorial.com\/web\/wp-json\/wp\/v2\/posts\/16083\/revisions\/16085"}],"wp:featuredmedia":[{"embeddable":true,"href":"https:\/\/www.puntociegoeditorial.com\/web\/wp-json\/wp\/v2\/media\/16084"}],"wp:attachment":[{"href":"https:\/\/www.puntociegoeditorial.com\/web\/wp-json\/wp\/v2\/media?parent=16083"}],"wp:term":[{"taxonomy":"category","embeddable":true,"href":"https:\/\/www.puntociegoeditorial.com\/web\/wp-json\/wp\/v2\/categories?post=16083"},{"taxonomy":"post_tag","embeddable":true,"href":"https:\/\/www.puntociegoeditorial.com\/web\/wp-json\/wp\/v2\/tags?post=16083"}],"curies":[{"name":"wp","href":"https:\/\/api.w.org\/{rel}","templated":true}]}}