{"id":1610,"date":"2021-09-21T12:51:47","date_gmt":"2021-09-21T18:51:47","guid":{"rendered":"https:\/\/puntociegoeditorial.com\/web\/?p=1610"},"modified":"2021-09-21T12:51:47","modified_gmt":"2021-09-21T18:51:47","slug":"hoy-debemos-de-celebrar-la-paz-asi-como-difundir-compasion-bondad-y-esperanza-immujeres-el-fuerte","status":"publish","type":"post","link":"https:\/\/www.puntociegoeditorial.com\/web\/2021\/09\/21\/hoy-debemos-de-celebrar-la-paz-asi-como-difundir-compasion-bondad-y-esperanza-immujeres-el-fuerte\/","title":{"rendered":"Hoy debemos de celebrar la paz, as\u00ed como difundir compasi\u00f3n, bondad y esperanza: IMMujeres El Fuerte"},"content":{"rendered":"\n<p>Cada a\u00f1o, el 21 de septiembre, se celebra el D\u00eda Internacional de la Paz en todo el mundo. La Asamblea General ha declarado esta fecha como el d\u00eda dedicado al fortalecimiento de los ideales de paz\u201d ONU<\/p>\n\n\n\n<p>El Fuerte, Sin.- Este a\u00f1o, la Organizaci\u00f3n de las Naciones Unidas propone el tema \u00abRecuperarse mejor para un mundo equitativo y sostenible\u00bb, indic\u00f3 Alma Flores Verduzco Directora del Instituto Municipal de la Mujer en el marco de la conmemoraci\u00f3n del D\u00eda Internacional de la Paz.<\/p>\n\n\n\n<p>De acuerdo a la funcionaria municipal, el tema de la paz en un pueblo representa la posibilidad de vivir en armon\u00eda entre los iguales, siendo un motivo que impulsa la adecuada socializaci\u00f3n de los individuos para el desarrollo, el cual se deriva del respeto de los derechos de todos los ciudadanos.<\/p>\n\n\n\n<p>\u201cComo ciudadanos podemos ayudar a construir un mundo m\u00e1s equitativo y pac\u00edfico\u2026 Es importante recordar que las mujeres somos parte fundamental para la construcci\u00f3n de paz y tambi\u00e9n queremos vivirla\u201d, se\u00f1al\u00f3 Alma Flores.<\/p>\n\n\n\n<p>Cabe se\u00f1alar, que en lo correspondiente al municipio de El Fuerte, el Instituto ha realizado un gran trabajo en el tema de apoyo a la no violencia, principalmente contra ni\u00f1as y mujeres, \u201chemos trabajado en apoyo de las mujeres siempre, como es la indicaci\u00f3n de nuestra presidenta Nubia Ramos Carbajal, as\u00ed lo seguiremos haciendo hasta el \u00faltimo d\u00eda de nuestra gesti\u00f3n\u201d, finaliz\u00f3 la Directora del IMMujeres.<\/p>\n","protected":false},"excerpt":{"rendered":"<p>Cada a\u00f1o, el 21 de septiembre, se celebra el D\u00eda Internacional de la Paz en todo el mundo. La Asamblea General ha declarado esta fecha como el d\u00eda dedicado al fortalecimiento de los ideales de paz\u201d ONU El Fuerte, Sin.- Este a\u00f1o, la Organizaci\u00f3n de las Naciones Unidas propone el tema \u00abRecuperarse mejor para un [&hellip;]<\/p>\n","protected":false},"author":2,"featured_media":1611,"comment_status":"open","ping_status":"open","sticky":false,"template":"","format":"standard","meta":{"_mi_skip_tracking":false,"footnotes":""},"categories":[13],"tags":[389,33,388],"class_list":["post-1610","post","type-post","status-publish","format-standard","has-post-thumbnail","hentry","category-sinaloa","tag-dia-internacional-de-la-paz","tag-el-fuerte","tag-immujeres"],"_links":{"self":[{"href":"https:\/\/www.puntociegoeditorial.com\/web\/wp-json\/wp\/v2\/posts\/1610","targetHints":{"allow":["GET"]}}],"collection":[{"href":"https:\/\/www.puntociegoeditorial.com\/web\/wp-json\/wp\/v2\/posts"}],"about":[{"href":"https:\/\/www.puntociegoeditorial.com\/web\/wp-json\/wp\/v2\/types\/post"}],"author":[{"embeddable":true,"href":"https:\/\/www.puntociegoeditorial.com\/web\/wp-json\/wp\/v2\/users\/2"}],"replies":[{"embeddable":true,"href":"https:\/\/www.puntociegoeditorial.com\/web\/wp-json\/wp\/v2\/comments?post=1610"}],"version-history":[{"count":1,"href":"https:\/\/www.puntociegoeditorial.com\/web\/wp-json\/wp\/v2\/posts\/1610\/revisions"}],"predecessor-version":[{"id":1612,"href":"https:\/\/www.puntociegoeditorial.com\/web\/wp-json\/wp\/v2\/posts\/1610\/revisions\/1612"}],"wp:featuredmedia":[{"embeddable":true,"href":"https:\/\/www.puntociegoeditorial.com\/web\/wp-json\/wp\/v2\/media\/1611"}],"wp:attachment":[{"href":"https:\/\/www.puntociegoeditorial.com\/web\/wp-json\/wp\/v2\/media?parent=1610"}],"wp:term":[{"taxonomy":"category","embeddable":true,"href":"https:\/\/www.puntociegoeditorial.com\/web\/wp-json\/wp\/v2\/categories?post=1610"},{"taxonomy":"post_tag","embeddable":true,"href":"https:\/\/www.puntociegoeditorial.com\/web\/wp-json\/wp\/v2\/tags?post=1610"}],"curies":[{"name":"wp","href":"https:\/\/api.w.org\/{rel}","templated":true}]}}