{"id":16144,"date":"2022-07-04T09:09:06","date_gmt":"2022-07-04T15:09:06","guid":{"rendered":"http:\/\/puntociegoeditorial.com\/web\/?p=16144"},"modified":"2022-07-04T09:09:06","modified_gmt":"2022-07-04T15:09:06","slug":"el-lunes-llegaran-mas-vacunas-para-ninos-de-5-a-11-anos","status":"publish","type":"post","link":"https:\/\/www.puntociegoeditorial.com\/web\/2022\/07\/04\/el-lunes-llegaran-mas-vacunas-para-ninos-de-5-a-11-anos\/","title":{"rendered":"El lunes llegar\u00e1n m\u00e1s vacunas para ni\u00f1os de 5 a 11 a\u00f1os"},"content":{"rendered":"\n<p>Culiac\u00e1n, Sin.- El pr\u00f3ximo&nbsp;lunes&nbsp;llegar\u00e1n a&nbsp;Sinaloa&nbsp;m\u00e1s&nbsp;vacunas contra el COVID-19&nbsp;para&nbsp;menores&nbsp;de&nbsp;5 a 11 a\u00f1os&nbsp;de edad, inform\u00f3 el&nbsp;gobernador&nbsp;del Estado,&nbsp;Rub\u00e9n Rocha Moya.<\/p>\n\n\n\n<p>El mandatario estatal, coment\u00f3 que una vez que arriben las dosis se iniciar\u00e1n a aplicar el d\u00eda martes en los puntos de vacunaci\u00f3n.<\/p>\n\n\n\n<p>\u201cLa vacuna pedi\u00e1trica yo creo que llega el lunes y se empezar\u00e1 a aplicar la segunda parte el martes\u201d, subray\u00f3.<\/p>\n\n\n\n<p>Rocha Moya, puntualiz\u00f3 que el Comando Estatal de Vacunaci\u00f3n est\u00e1 buscando ampliar la vacunaci\u00f3n a otros municipios.<\/p>\n","protected":false},"excerpt":{"rendered":"<p>Culiac\u00e1n, Sin.- El pr\u00f3ximo&nbsp;lunes&nbsp;llegar\u00e1n a&nbsp;Sinaloa&nbsp;m\u00e1s&nbsp;vacunas contra el COVID-19&nbsp;para&nbsp;menores&nbsp;de&nbsp;5 a 11 a\u00f1os&nbsp;de edad, inform\u00f3 el&nbsp;gobernador&nbsp;del Estado,&nbsp;Rub\u00e9n Rocha Moya. El mandatario estatal, coment\u00f3 que una vez que arriben las dosis se iniciar\u00e1n a aplicar el d\u00eda martes en los puntos de vacunaci\u00f3n. \u201cLa vacuna pedi\u00e1trica yo creo que llega el lunes y se empezar\u00e1 a aplicar la [&hellip;]<\/p>\n","protected":false},"author":2,"featured_media":16145,"comment_status":"open","ping_status":"open","sticky":false,"template":"","format":"standard","meta":{"_mi_skip_tracking":false,"footnotes":""},"categories":[13],"tags":[211,153],"class_list":["post-16144","post","type-post","status-publish","format-standard","has-post-thumbnail","hentry","category-sinaloa","tag-covid","tag-vacunacion"],"_links":{"self":[{"href":"https:\/\/www.puntociegoeditorial.com\/web\/wp-json\/wp\/v2\/posts\/16144","targetHints":{"allow":["GET"]}}],"collection":[{"href":"https:\/\/www.puntociegoeditorial.com\/web\/wp-json\/wp\/v2\/posts"}],"about":[{"href":"https:\/\/www.puntociegoeditorial.com\/web\/wp-json\/wp\/v2\/types\/post"}],"author":[{"embeddable":true,"href":"https:\/\/www.puntociegoeditorial.com\/web\/wp-json\/wp\/v2\/users\/2"}],"replies":[{"embeddable":true,"href":"https:\/\/www.puntociegoeditorial.com\/web\/wp-json\/wp\/v2\/comments?post=16144"}],"version-history":[{"count":1,"href":"https:\/\/www.puntociegoeditorial.com\/web\/wp-json\/wp\/v2\/posts\/16144\/revisions"}],"predecessor-version":[{"id":16146,"href":"https:\/\/www.puntociegoeditorial.com\/web\/wp-json\/wp\/v2\/posts\/16144\/revisions\/16146"}],"wp:featuredmedia":[{"embeddable":true,"href":"https:\/\/www.puntociegoeditorial.com\/web\/wp-json\/wp\/v2\/media\/16145"}],"wp:attachment":[{"href":"https:\/\/www.puntociegoeditorial.com\/web\/wp-json\/wp\/v2\/media?parent=16144"}],"wp:term":[{"taxonomy":"category","embeddable":true,"href":"https:\/\/www.puntociegoeditorial.com\/web\/wp-json\/wp\/v2\/categories?post=16144"},{"taxonomy":"post_tag","embeddable":true,"href":"https:\/\/www.puntociegoeditorial.com\/web\/wp-json\/wp\/v2\/tags?post=16144"}],"curies":[{"name":"wp","href":"https:\/\/api.w.org\/{rel}","templated":true}]}}