{"id":16147,"date":"2022-07-04T09:10:17","date_gmt":"2022-07-04T15:10:17","guid":{"rendered":"http:\/\/puntociegoeditorial.com\/web\/?p=16147"},"modified":"2022-07-04T09:10:17","modified_gmt":"2022-07-04T15:10:17","slug":"valorara-rector-de-la-uas-ampliar-fichas-para-aspirantes-a-medicina","status":"publish","type":"post","link":"https:\/\/www.puntociegoeditorial.com\/web\/2022\/07\/04\/valorara-rector-de-la-uas-ampliar-fichas-para-aspirantes-a-medicina\/","title":{"rendered":"Valorar\u00e1 Rector de la UAS ampliar fichas para aspirantes a Medicina"},"content":{"rendered":"\n<p>Culiac\u00e1n, Sin.-&nbsp;El Rector de la Universidad Aut\u00f3noma de Sinaloa, Jes\u00fas Madue\u00f1a Molina, dijo que en los pr\u00f3ximos d\u00edas valorar\u00e1n la posibilidad de ampliar, por lo menos una semana m\u00e1s, el&nbsp;registro&nbsp;de&nbsp;aspirantes&nbsp;a las carreras de&nbsp;medicina,&nbsp;enfermer\u00eda,&nbsp;arquitectura&nbsp;y&nbsp;odontolog\u00eda.<\/p>\n\n\n\n<p>Coment\u00f3 que ser\u00e1 la pr\u00f3xima semana cuando se realice un corte para conocer el n\u00famero de estudiantes que aspiran a ingresar a las licenciaturas que son consideradas las de mayor demanda para definir si se amplia.<\/p>\n\n\n\n<p>\u201cEstamos por hacer un corte la pr\u00f3xima semana para valorar que tanto se han acercado a las escuelas y ver la posibilidad en los grupos de medicina, enfermer\u00eda, arquitectura y odontolog\u00eda y ver si podemos ampliar un poco m\u00e1s el n\u00famero de aspirantes. Eso va a depender de los que ya se hayan registrado, pero vamos a esperar una semana m\u00e1s\u201d enfatiz\u00f3.<\/p>\n","protected":false},"excerpt":{"rendered":"<p>Culiac\u00e1n, Sin.-&nbsp;El Rector de la Universidad Aut\u00f3noma de Sinaloa, Jes\u00fas Madue\u00f1a Molina, dijo que en los pr\u00f3ximos d\u00edas valorar\u00e1n la posibilidad de ampliar, por lo menos una semana m\u00e1s, el&nbsp;registro&nbsp;de&nbsp;aspirantes&nbsp;a las carreras de&nbsp;medicina,&nbsp;enfermer\u00eda,&nbsp;arquitectura&nbsp;y&nbsp;odontolog\u00eda. Coment\u00f3 que ser\u00e1 la pr\u00f3xima semana cuando se realice un corte para conocer el n\u00famero de estudiantes que aspiran a ingresar a [&hellip;]<\/p>\n","protected":false},"author":2,"featured_media":16148,"comment_status":"open","ping_status":"open","sticky":false,"template":"","format":"standard","meta":{"_mi_skip_tracking":false,"footnotes":""},"categories":[13],"tags":[958,133],"class_list":["post-16147","post","type-post","status-publish","format-standard","has-post-thumbnail","hentry","category-sinaloa","tag-jesus-maduena-molina","tag-uas"],"_links":{"self":[{"href":"https:\/\/www.puntociegoeditorial.com\/web\/wp-json\/wp\/v2\/posts\/16147","targetHints":{"allow":["GET"]}}],"collection":[{"href":"https:\/\/www.puntociegoeditorial.com\/web\/wp-json\/wp\/v2\/posts"}],"about":[{"href":"https:\/\/www.puntociegoeditorial.com\/web\/wp-json\/wp\/v2\/types\/post"}],"author":[{"embeddable":true,"href":"https:\/\/www.puntociegoeditorial.com\/web\/wp-json\/wp\/v2\/users\/2"}],"replies":[{"embeddable":true,"href":"https:\/\/www.puntociegoeditorial.com\/web\/wp-json\/wp\/v2\/comments?post=16147"}],"version-history":[{"count":1,"href":"https:\/\/www.puntociegoeditorial.com\/web\/wp-json\/wp\/v2\/posts\/16147\/revisions"}],"predecessor-version":[{"id":16149,"href":"https:\/\/www.puntociegoeditorial.com\/web\/wp-json\/wp\/v2\/posts\/16147\/revisions\/16149"}],"wp:featuredmedia":[{"embeddable":true,"href":"https:\/\/www.puntociegoeditorial.com\/web\/wp-json\/wp\/v2\/media\/16148"}],"wp:attachment":[{"href":"https:\/\/www.puntociegoeditorial.com\/web\/wp-json\/wp\/v2\/media?parent=16147"}],"wp:term":[{"taxonomy":"category","embeddable":true,"href":"https:\/\/www.puntociegoeditorial.com\/web\/wp-json\/wp\/v2\/categories?post=16147"},{"taxonomy":"post_tag","embeddable":true,"href":"https:\/\/www.puntociegoeditorial.com\/web\/wp-json\/wp\/v2\/tags?post=16147"}],"curies":[{"name":"wp","href":"https:\/\/api.w.org\/{rel}","templated":true}]}}