{"id":1616,"date":"2021-09-21T12:57:24","date_gmt":"2021-09-21T18:57:24","guid":{"rendered":"https:\/\/puntociegoeditorial.com\/web\/?p=1616"},"modified":"2021-09-21T12:57:24","modified_gmt":"2021-09-21T18:57:24","slug":"en-marcha-el-programa-de-apoyo-a-ciclistas-sigue-rodando","status":"publish","type":"post","link":"https:\/\/www.puntociegoeditorial.com\/web\/2021\/09\/21\/en-marcha-el-programa-de-apoyo-a-ciclistas-sigue-rodando\/","title":{"rendered":"En marcha el programa de apoyo a ciclistas \u00abSigue rodando\u00bb"},"content":{"rendered":"\n<p>El anuncio se hizo este martes en conferencia de prensa<\/p>\n\n\n\n<p>Los Mochis, Sinaloa, 21 de septiembre de 2021 (IMDA).- Con el objetivo de salvaguardar la integridad de los ciclistas del norte del estado, esta ma\u00f1ana fue presentado en conferencia de prensa el programa \u201cSigue rodando\u201d.<br>La nueva iniciativa, encabezada por la regidora Rosy L\u00f3pez y respaldada por la autoridad municipal, por el Comit\u00e9 Municipal de Ciclismo, por los diferentes clubes de este deporte y diversos patrocinadores, est\u00e1 enfocada en una intensa labor de concientizaci\u00f3n y respeto de los automovilistas hacia los ciclistas, entre otras acciones.<br>\u201cEs un proyecto con la finalidad de apoyar a los ciclistas del municipio de Ahome, trabajado en conjunto con las autoridades para hacer conciencia y respetar las v\u00edas que est\u00e1n asignadas para los ciclistas, y tambi\u00e9n para el ciclismo que la gente utiliza como medio de transporte\u201d, explic\u00f3 L\u00f3pez.<br>\u201cEmprenderemos una campa\u00f1a publicitaria para que los automovilistas se concienticen y trabajemos en conjunto para evitar nuevos accidentes. Estaremos llevando una campa\u00f1a por medio de espectaculares y en redes sociales con el apoyo de los clubes de ciclistas, donde ellos nos van a compartir todo lo que viven d\u00eda a d\u00eda\u201d, dijo la regidora, agregando que el programa contempla, entre sus actividades, la distribuci\u00f3n de volantes y labores de limpieza de las \u00e1reas destinadas al ciclismo, como la ciclov\u00eda del Cerro de la Memoria.<br>Fernando Montiel Mart\u00ednez, director general del Instituto Municipal del Deporte de Ahome (IMDA), mostr\u00f3 su entusiasmo por el nuevo proyecto, y prometi\u00f3 todo su respaldo.<br>\u201cApoyaremos este proyecto porque los ciclistas necesitan sus espacios para practicar\u201d, expres\u00f3 la m\u00e1xima autoridad del deporte en Ahome. \u201cAtenderemos la ciclov\u00eda para que sea m\u00e1s c\u00f3moda y segura, tanto para los ciclistas, como para la gente que va a caminar. Se instalar\u00e1n los se\u00f1alamientos necesarios y se le dar\u00e1 la limpieza que requiera\u201d.<br>En su oportunidad, Manuel Alberto Cort\u00e9s Lugo, presidente del Comit\u00e9 Municipal de Ciclismo, exhort\u00f3 a los pedalistas a tener m\u00e1s cuidados en sus entrenamientos.<br>\u201cPedimos a los corredores que se sumen, a organizarse por grupos y no vayan solos (a rodar). Con una barredora (veh\u00edculo de protecci\u00f3n en la parte posterior de los grupos de ciclistas) estamos protegidos, pero tenemos que ponernos de acuerdo\u201d, manifest\u00f3 el popular \u201cMara\u201d, al informar que el horario de las rodadas es de las seis hasta las diez de la ma\u00f1ana aproximadamente.<br>En la conferencia de prensa tambi\u00e9n estuvo presente Lamberto Valenzuela Armenta, director del Programa de Educaci\u00f3n Vial de la Secretar\u00eda de Vialidad y Seguridad P\u00fablica del Municipio de Ahome.<\/p>\n","protected":false},"excerpt":{"rendered":"<p>El anuncio se hizo este martes en conferencia de prensa Los Mochis, Sinaloa, 21 de septiembre de 2021 (IMDA).- Con el objetivo de salvaguardar la integridad de los ciclistas del norte del estado, esta ma\u00f1ana fue presentado en conferencia de prensa el programa \u201cSigue rodando\u201d.La nueva iniciativa, encabezada por la regidora Rosy L\u00f3pez y respaldada [&hellip;]<\/p>\n","protected":false},"author":2,"featured_media":1617,"comment_status":"open","ping_status":"open","sticky":false,"template":"","format":"standard","meta":{"_mi_skip_tracking":false,"footnotes":""},"categories":[13],"tags":[96,21],"class_list":["post-1616","post","type-post","status-publish","format-standard","has-post-thumbnail","hentry","category-sinaloa","tag-los-mochis","tag-sinaloa"],"_links":{"self":[{"href":"https:\/\/www.puntociegoeditorial.com\/web\/wp-json\/wp\/v2\/posts\/1616","targetHints":{"allow":["GET"]}}],"collection":[{"href":"https:\/\/www.puntociegoeditorial.com\/web\/wp-json\/wp\/v2\/posts"}],"about":[{"href":"https:\/\/www.puntociegoeditorial.com\/web\/wp-json\/wp\/v2\/types\/post"}],"author":[{"embeddable":true,"href":"https:\/\/www.puntociegoeditorial.com\/web\/wp-json\/wp\/v2\/users\/2"}],"replies":[{"embeddable":true,"href":"https:\/\/www.puntociegoeditorial.com\/web\/wp-json\/wp\/v2\/comments?post=1616"}],"version-history":[{"count":1,"href":"https:\/\/www.puntociegoeditorial.com\/web\/wp-json\/wp\/v2\/posts\/1616\/revisions"}],"predecessor-version":[{"id":1618,"href":"https:\/\/www.puntociegoeditorial.com\/web\/wp-json\/wp\/v2\/posts\/1616\/revisions\/1618"}],"wp:featuredmedia":[{"embeddable":true,"href":"https:\/\/www.puntociegoeditorial.com\/web\/wp-json\/wp\/v2\/media\/1617"}],"wp:attachment":[{"href":"https:\/\/www.puntociegoeditorial.com\/web\/wp-json\/wp\/v2\/media?parent=1616"}],"wp:term":[{"taxonomy":"category","embeddable":true,"href":"https:\/\/www.puntociegoeditorial.com\/web\/wp-json\/wp\/v2\/categories?post=1616"},{"taxonomy":"post_tag","embeddable":true,"href":"https:\/\/www.puntociegoeditorial.com\/web\/wp-json\/wp\/v2\/tags?post=1616"}],"curies":[{"name":"wp","href":"https:\/\/api.w.org\/{rel}","templated":true}]}}