{"id":1623,"date":"2021-09-21T17:08:08","date_gmt":"2021-09-21T23:08:08","guid":{"rendered":"http:\/\/puntociegoeditorial.com\/web\/?p=1623"},"modified":"2021-09-21T17:08:08","modified_gmt":"2021-09-21T23:08:08","slug":"estrada-ferreiro-analiza-los-cambios-en-su-gobierno","status":"publish","type":"post","link":"https:\/\/www.puntociegoeditorial.com\/web\/2021\/09\/21\/estrada-ferreiro-analiza-los-cambios-en-su-gobierno\/","title":{"rendered":"Estrada Ferreiro analiza los cambios en su gobierno"},"content":{"rendered":"\n<p>Jesus Estrada Ferreiro anunci\u00f3 que ser\u00e1n m\u00ednimos los cambios de Funcionarios Municipales, para los tres a\u00f1os de Gobierno que encabezar\u00e1 luego de ser reelegido en las pasadas elecciones.<\/p>\n\n\n\n<p>El Alcalde de Culiac\u00e1n mencion\u00f3 que a\u00fan se est\u00e1n evaluando algunos funcionarios, sin dar a conocer qui\u00e9nes son los que dejar\u00e1n de trabajar en este Gobierno Municipal.<\/p>\n\n\n\n<p>\u201c A\u00fan no est\u00e1 definido los funcionarios que dejar\u00e1n de trabajar en este gobierno, ya que la lealtad implica no quedando a lo que yo diga, sino que cumplan con el mandato que se les confiri\u00f3 qu\u00e9 es respetar la ley, la normalidad y hacer las cosas correctas\u201d<\/p>\n\n\n\n<p>Estrada Ferreiro afirm\u00f3 que se requieren de algunos cambios en el gabinete municipal, por lo que contin\u00faa analizando qui\u00e9nes ser\u00e1n los que seguir\u00e1n trabajando a favor de la cuarto transformaci\u00f3n.<\/p>\n","protected":false},"excerpt":{"rendered":"<p>Jesus Estrada Ferreiro anunci\u00f3 que ser\u00e1n m\u00ednimos los cambios de Funcionarios Municipales, para los tres a\u00f1os de Gobierno que encabezar\u00e1 luego de ser reelegido en las pasadas elecciones. El Alcalde de Culiac\u00e1n mencion\u00f3 que a\u00fan se est\u00e1n evaluando algunos funcionarios, sin dar a conocer qui\u00e9nes son los que dejar\u00e1n de trabajar en este Gobierno Municipal. [&hellip;]<\/p>\n","protected":false},"author":7,"featured_media":1626,"comment_status":"open","ping_status":"open","sticky":false,"template":"","format":"standard","meta":{"_mi_skip_tracking":false,"footnotes":""},"categories":[12],"tags":[],"class_list":["post-1623","post","type-post","status-publish","format-standard","has-post-thumbnail","hentry","category-ciudad"],"_links":{"self":[{"href":"https:\/\/www.puntociegoeditorial.com\/web\/wp-json\/wp\/v2\/posts\/1623","targetHints":{"allow":["GET"]}}],"collection":[{"href":"https:\/\/www.puntociegoeditorial.com\/web\/wp-json\/wp\/v2\/posts"}],"about":[{"href":"https:\/\/www.puntociegoeditorial.com\/web\/wp-json\/wp\/v2\/types\/post"}],"author":[{"embeddable":true,"href":"https:\/\/www.puntociegoeditorial.com\/web\/wp-json\/wp\/v2\/users\/7"}],"replies":[{"embeddable":true,"href":"https:\/\/www.puntociegoeditorial.com\/web\/wp-json\/wp\/v2\/comments?post=1623"}],"version-history":[{"count":1,"href":"https:\/\/www.puntociegoeditorial.com\/web\/wp-json\/wp\/v2\/posts\/1623\/revisions"}],"predecessor-version":[{"id":1627,"href":"https:\/\/www.puntociegoeditorial.com\/web\/wp-json\/wp\/v2\/posts\/1623\/revisions\/1627"}],"wp:featuredmedia":[{"embeddable":true,"href":"https:\/\/www.puntociegoeditorial.com\/web\/wp-json\/wp\/v2\/media\/1626"}],"wp:attachment":[{"href":"https:\/\/www.puntociegoeditorial.com\/web\/wp-json\/wp\/v2\/media?parent=1623"}],"wp:term":[{"taxonomy":"category","embeddable":true,"href":"https:\/\/www.puntociegoeditorial.com\/web\/wp-json\/wp\/v2\/categories?post=1623"},{"taxonomy":"post_tag","embeddable":true,"href":"https:\/\/www.puntociegoeditorial.com\/web\/wp-json\/wp\/v2\/tags?post=1623"}],"curies":[{"name":"wp","href":"https:\/\/api.w.org\/{rel}","templated":true}]}}