{"id":1628,"date":"2021-09-21T17:37:19","date_gmt":"2021-09-21T23:37:19","guid":{"rendered":"https:\/\/puntociegoeditorial.com\/web\/?p=1628"},"modified":"2021-09-21T17:37:19","modified_gmt":"2021-09-21T23:37:19","slug":"registra-congreso-a-grupo-parlamentario-de-morena-de-64-legislatura","status":"publish","type":"post","link":"https:\/\/www.puntociegoeditorial.com\/web\/2021\/09\/21\/registra-congreso-a-grupo-parlamentario-de-morena-de-64-legislatura\/","title":{"rendered":"Registra Congreso a Grupo Parlamentario de Morena de 64 Legislatura"},"content":{"rendered":"\n<p>El Congreso del Estado de Sinaloa registr\u00f3 este martes al Grupo Parlamentario de Morena de la pr\u00f3xima Legislatura Sesenta y Cuatro que inicia funciones el 1 de octubre del presente a\u00f1o.<br>El secretario general del Congreso, Jos\u00e9 Antonio R\u00edos Rojo, les dio la bienvenida y les entreg\u00f3 el documento que certifica que cada una de las diputadas y diputados entreg\u00f3 la correspondiente documentaci\u00f3n para su registro.<br>De igual manera les invit\u00f3, en cumplimiento al art\u00edculo 34 de la Ley Org\u00e1nica del Congreso del Estado, a participar el pr\u00f3ximo 30 de septiembre en el Sal\u00f3n Constituyentes de 1917, en la reuni\u00f3n preparatoria de la instalaci\u00f3n de la 64 Legislatura, a llevarse a cabo el 01 de octubre.<br>Asimismo, a todos y todas las integrantes del nuevo Grupo Parlamentaria de Morena les entreg\u00f3 un lote de libros que incluyen la Constituci\u00f3n Pol\u00edtica de M\u00e9xico, la Constituci\u00f3n Pol\u00edtica del Estado de Sinaloa, la Ley Org\u00e1nica del Congreso del Estado, entre otros.<br>El diputado Feliciano Castro Mel\u00e9ndrez, coordinador del nuevo Grupo Parlamentario de Morena, hizo el compromiso a nombre propio y de sus compa\u00f1eras y compa\u00f1eros de cumplir la palabra empe\u00f1ada:<br>\u201cHabremos de asumir las funciones que le corresponden al Poder Legislativo para propiciar que en Sinaloa consolidemos la Cuarta Transformaci\u00f3n, que habr\u00e1 de significar un desarrollo social que garantice el bienestar de la gente\u201d, dijo.<br>Esto significa, explic\u00f3, que vamos a atender a todos los sectores, pero tenemos una preferencia.<br>La \u00e9tica, afirm\u00f3, nos convoca a atender a los sectores m\u00e1s vulnerables, combatir la pobreza y la desigualdad social; garantizar, desde la naturaleza de este poder, los derechos humanos y la libertad que debe corresponder a cada uno de los sinaloenses.<br>Castro Mel\u00e9ndrez tambi\u00e9n reconoci\u00f3 el trabajo realizado por el actual Grupo Parlamentario de Morena, que coordina el diputado Jos\u00e9 Rosario Romero L\u00f3pez, quien sucedi\u00f3 a la diputada Graciela Dom\u00ednguez Nava.<br>\u201cEl concepto de trabajo parlamentario que desplegaron es digno de considerar un legado pol\u00edtico irrenunciable\u201d, asegur\u00f3.<br>A\u00f1adi\u00f3 que como nuevo Grupo Parlamentario van a apoyar a Rub\u00e9n Rocha Moya, pr\u00f3ximo gobernador constitucional de Sinaloa, pues por voluntad popular Sinaloa ahora no tiene un gobierno dividido.<br>El pasado 1 y 2 de julio, respectivamente, ya se hab\u00edan registrado Juana Minerva V\u00e1zquez Gonz\u00e1lez y C\u00e9sar Ismael Guerrero Alarc\u00f3n, y hoy acompa\u00f1aron al grupo.<\/p>\n\n\n\n<p>Grupo Parlamentario de Morena que integrar\u00e1 la Sesenta y Cuatro Legislatura.<\/p>\n\n\n\n<p>Juana Minerva V\u00e1zquez Gonz\u00e1lez, Distrito 2, Los Mochis.<br>C\u00e9sar Ismael Guerrero Alarc\u00f3n, Distrito 3, Los Mochis.<br>Cecilia Covarrubias Gonz\u00e1lez, Distrito 5, Los Mochis.<br>Fel\u00edcita Pompa Robles, Distrito 8, Guasave.<br>Ambrocio Ch\u00e1vez Ch\u00e1vez, Distrito 9, Guam\u00fachil.<br>Marco C\u00e9sar Almaral Rodr\u00edguez, Distrito 11, Navolato.<br>Almendra Ernestina Negrete S\u00e1nchez, Distrito 12, Culiac\u00e1n.<br>Feliciano Castro Mel\u00e9ndrez, Distrito 13, Culiac\u00e1n.<br>Jes\u00fas Alfonso Ibarra Ramos, Distrito 14, Culiac\u00e1n.<br>Mar\u00eda Victoria S\u00e1nchez Pe\u00f1a, Distrito 15, Culiac\u00e1n.<br>Marco Antonio Zazueta Zazueta, Distrito 16, Culiac\u00e1n.<br>Serapio Vargas Ram\u00edrez, Distrito 18, Culiac\u00e1n.<br>Alma Rosa Garz\u00f3n Aguilar, Distrito 20, Mazatl\u00e1n.<br>Flor Emilia Guerra Mena, Distrito 22, Mazatl\u00e1n.<br>Juan Carlos Patr\u00f3n Rosales, Distrito 23, Mazatl\u00e1n.<br>Mar\u00eda Aurelia Leal L\u00f3pez, Diputada plurinominal.<br>Jos\u00e9 Manuel Luque Rojas, Diputado plurinominal.<br>Ver\u00f3nica Guadalupe B\u00e1tiz Acosta, Diputada plurinominal.<br>Pedro Alonso Villegas Lobo, Diputado plurinominal.<br>Nela Rosiely S\u00e1nchez S\u00e1nchez, Diputada plurinominal.<\/p>\n","protected":false},"excerpt":{"rendered":"<p>El Congreso del Estado de Sinaloa registr\u00f3 este martes al Grupo Parlamentario de Morena de la pr\u00f3xima Legislatura Sesenta y Cuatro que inicia funciones el 1 de octubre del presente a\u00f1o.El secretario general del Congreso, Jos\u00e9 Antonio R\u00edos Rojo, les dio la bienvenida y les entreg\u00f3 el documento que certifica que cada una de las [&hellip;]<\/p>\n","protected":false},"author":2,"featured_media":1629,"comment_status":"open","ping_status":"open","sticky":false,"template":"","format":"standard","meta":{"_mi_skip_tracking":false,"footnotes":""},"categories":[13],"tags":[47,395,227,21],"class_list":["post-1628","post","type-post","status-publish","format-standard","has-post-thumbnail","hentry","category-sinaloa","tag-congreso-del-estado","tag-grupo-parlamentario-de-morena","tag-morena","tag-sinaloa"],"_links":{"self":[{"href":"https:\/\/www.puntociegoeditorial.com\/web\/wp-json\/wp\/v2\/posts\/1628","targetHints":{"allow":["GET"]}}],"collection":[{"href":"https:\/\/www.puntociegoeditorial.com\/web\/wp-json\/wp\/v2\/posts"}],"about":[{"href":"https:\/\/www.puntociegoeditorial.com\/web\/wp-json\/wp\/v2\/types\/post"}],"author":[{"embeddable":true,"href":"https:\/\/www.puntociegoeditorial.com\/web\/wp-json\/wp\/v2\/users\/2"}],"replies":[{"embeddable":true,"href":"https:\/\/www.puntociegoeditorial.com\/web\/wp-json\/wp\/v2\/comments?post=1628"}],"version-history":[{"count":1,"href":"https:\/\/www.puntociegoeditorial.com\/web\/wp-json\/wp\/v2\/posts\/1628\/revisions"}],"predecessor-version":[{"id":1630,"href":"https:\/\/www.puntociegoeditorial.com\/web\/wp-json\/wp\/v2\/posts\/1628\/revisions\/1630"}],"wp:featuredmedia":[{"embeddable":true,"href":"https:\/\/www.puntociegoeditorial.com\/web\/wp-json\/wp\/v2\/media\/1629"}],"wp:attachment":[{"href":"https:\/\/www.puntociegoeditorial.com\/web\/wp-json\/wp\/v2\/media?parent=1628"}],"wp:term":[{"taxonomy":"category","embeddable":true,"href":"https:\/\/www.puntociegoeditorial.com\/web\/wp-json\/wp\/v2\/categories?post=1628"},{"taxonomy":"post_tag","embeddable":true,"href":"https:\/\/www.puntociegoeditorial.com\/web\/wp-json\/wp\/v2\/tags?post=1628"}],"curies":[{"name":"wp","href":"https:\/\/api.w.org\/{rel}","templated":true}]}}