{"id":1637,"date":"2021-09-22T00:05:01","date_gmt":"2021-09-22T06:05:01","guid":{"rendered":"https:\/\/puntociegoeditorial.com\/web\/?p=1637"},"modified":"2021-09-22T00:05:01","modified_gmt":"2021-09-22T06:05:01","slug":"le-dan-oportunidad-al-talento-local","status":"publish","type":"post","link":"https:\/\/www.puntociegoeditorial.com\/web\/2021\/09\/22\/le-dan-oportunidad-al-talento-local\/","title":{"rendered":"Le dan oportunidad al talento local"},"content":{"rendered":"\n<p>Redacci\u00f3n<\/p>\n\n\n\n<p>MAZATL\u00c1N, Sinaloa._ \u00cdtalo Motta y Sebasti\u00e1n D\u00edaz son jugadores mazatlecos que buscan cumplir su sue\u00f1o de infancia y consolidarse en su equipo Venados de Mazatl\u00e1n.<\/p>\n\n\n\n<p>Motta, quien desfila por el campo corto, se dijo orgulloso de portar los colores de su equipo y listo para defender el territorio Venados.<\/p>\n\n\n\n<p>\u201cEs algo bonito estar con el equipo de mis amores, soy local y me gusta estar con este equipo, estoy trabajando duro para hacer lo mejor y aprovechar cada oportunidad\u201d, expres\u00f3.<\/p>\n\n\n\n<p>\u201cEl equipo se ve bien, la uni\u00f3n de los jugadores; en general, estamos listos para iniciar la temporada\u201d.<\/p>\n\n\n\n<p>D\u00edaz, por su parte, es otro de los jugadores mazatlecos que porta con orgullo el jersey de Venados de Mazatl\u00e1n.<\/p>\n\n\n\n<p>\u201cEstoy muy orgulloso de pertenecer a Mazatl\u00e1n, donde yo nac\u00ed y quise trabajar desde chico, es un orgullo estar aqu\u00ed representando al equipo de mis sue\u00f1os, tenemos todo para comenzar, si Dios quiere, esta temporada, estamos sanos y agradecidos de estar aqu\u00ed\u201d, coment\u00f3 D\u00edaz.<\/p>\n\n\n\n<figure class=\"wp-block-image size-full\"><img loading=\"lazy\" decoding=\"async\" width=\"850\" height=\"450\" src=\"http:\/\/puntociegoeditorial.com\/web\/wp-content\/uploads\/2021\/09\/LaMP_TalentoLocal_pretemporada_Venados_21sept21.jpg\" alt=\"\" class=\"wp-image-1638\" srcset=\"https:\/\/www.puntociegoeditorial.com\/web\/wp-content\/uploads\/2021\/09\/LaMP_TalentoLocal_pretemporada_Venados_21sept21.jpg 850w, https:\/\/www.puntociegoeditorial.com\/web\/wp-content\/uploads\/2021\/09\/LaMP_TalentoLocal_pretemporada_Venados_21sept21-300x159.jpg 300w, https:\/\/www.puntociegoeditorial.com\/web\/wp-content\/uploads\/2021\/09\/LaMP_TalentoLocal_pretemporada_Venados_21sept21-768x407.jpg 768w\" sizes=\"auto, (max-width: 850px) 100vw, 850px\" \/><\/figure>\n\n\n\n<p>\u201cUno se para en el terreno y siente presi\u00f3n porque no tengo la experiencia suficiente, pero tengo compa\u00f1eros que me han servido de gu\u00eda cuando estoy en el terreno de juego. Ahora vamos a dar el 100 por ciento y jugar alegre\u201d.<\/p>\n\n\n\n<p>Ambos jugadores defendieron los colores de Piratas de Campeche en la Liga Mexicana de Beisbol, donde tuvieron su debut.<\/p>\n","protected":false},"excerpt":{"rendered":"<p>Redacci\u00f3n MAZATL\u00c1N, Sinaloa._ \u00cdtalo Motta y Sebasti\u00e1n D\u00edaz son jugadores mazatlecos que buscan cumplir su sue\u00f1o de infancia y consolidarse en su equipo Venados de Mazatl\u00e1n. Motta, quien desfila por el campo corto, se dijo orgulloso de portar los colores de su equipo y listo para defender el territorio Venados. \u201cEs algo bonito estar con [&hellip;]<\/p>\n","protected":false},"author":4,"featured_media":1639,"comment_status":"open","ping_status":"open","sticky":false,"template":"","format":"standard","meta":{"_mi_skip_tracking":false,"footnotes":""},"categories":[16],"tags":[63,330,319,177],"class_list":["post-1637","post","type-post","status-publish","format-standard","has-post-thumbnail","hentry","category-accion","tag-lamp","tag-portenos","tag-rojos","tag-venados-de-mazatlan"],"_links":{"self":[{"href":"https:\/\/www.puntociegoeditorial.com\/web\/wp-json\/wp\/v2\/posts\/1637","targetHints":{"allow":["GET"]}}],"collection":[{"href":"https:\/\/www.puntociegoeditorial.com\/web\/wp-json\/wp\/v2\/posts"}],"about":[{"href":"https:\/\/www.puntociegoeditorial.com\/web\/wp-json\/wp\/v2\/types\/post"}],"author":[{"embeddable":true,"href":"https:\/\/www.puntociegoeditorial.com\/web\/wp-json\/wp\/v2\/users\/4"}],"replies":[{"embeddable":true,"href":"https:\/\/www.puntociegoeditorial.com\/web\/wp-json\/wp\/v2\/comments?post=1637"}],"version-history":[{"count":1,"href":"https:\/\/www.puntociegoeditorial.com\/web\/wp-json\/wp\/v2\/posts\/1637\/revisions"}],"predecessor-version":[{"id":1640,"href":"https:\/\/www.puntociegoeditorial.com\/web\/wp-json\/wp\/v2\/posts\/1637\/revisions\/1640"}],"wp:featuredmedia":[{"embeddable":true,"href":"https:\/\/www.puntociegoeditorial.com\/web\/wp-json\/wp\/v2\/media\/1639"}],"wp:attachment":[{"href":"https:\/\/www.puntociegoeditorial.com\/web\/wp-json\/wp\/v2\/media?parent=1637"}],"wp:term":[{"taxonomy":"category","embeddable":true,"href":"https:\/\/www.puntociegoeditorial.com\/web\/wp-json\/wp\/v2\/categories?post=1637"},{"taxonomy":"post_tag","embeddable":true,"href":"https:\/\/www.puntociegoeditorial.com\/web\/wp-json\/wp\/v2\/tags?post=1637"}],"curies":[{"name":"wp","href":"https:\/\/api.w.org\/{rel}","templated":true}]}}