{"id":16745,"date":"2022-07-13T16:24:47","date_gmt":"2022-07-13T22:24:47","guid":{"rendered":"http:\/\/puntociegoeditorial.com\/web\/?p=16745"},"modified":"2022-07-13T16:24:47","modified_gmt":"2022-07-13T22:24:47","slug":"vinculan-a-proceso-a-feminicida-de-loreto-n-vecina-de-choix","status":"publish","type":"post","link":"https:\/\/www.puntociegoeditorial.com\/web\/2022\/07\/13\/vinculan-a-proceso-a-feminicida-de-loreto-n-vecina-de-choix\/","title":{"rendered":"Vinculan a proceso a Feminicida de Loreto \u201cN\u201d vecina de Choix"},"content":{"rendered":"\n<p>Este mi\u00e9rcoles se realiz\u00f3 Audiencia Inicial donde esta FGE formul\u00f3 imputaci\u00f3n contra Jos\u00e9 Trinidad \u201cC\u201d<\/p>\n\n\n\n<p>Los Mochis, Sinaloa a 13 de julio de 2022.- La Fiscal\u00eda General del Estado obtuvo vinculaci\u00f3n a proceso contra Jos\u00e9 Trinidad \u201cC\u201d, acusado de Feminicidio cometido en contra de una mujer de 72 a\u00f1os, vecina de la comunidad de La Higuerita en el municipio de Choix.<br>En audiencia inicial de la causa penal 327\/2022 celebrada este mi\u00e9rcoles, la FGE formul\u00f3 imputaci\u00f3n y solicit\u00f3 la vinculaci\u00f3n a proceso la cual fue concedida por el juez de Control quien adem\u00e1s determin\u00f3 prisi\u00f3n preventiva oficiosa y tres meses para el cierre de investigaci\u00f3n.<br>A Jos\u00e9 Trinidad se le acusa de privar de la vida a una mujer de nombre Loreto \u201cN\u201d, quien era conocida como \u201ccurandera\u201d, y de hacer lectura de cartas; por creer que esta lo hab\u00eda \u201cembrujado\u201d , acudi\u00f3 hasta su domicilio donde la atac\u00f3 con un machete hasta darle muerte.<br>El hoy vinculado, en diversas ocasiones hab\u00eda amenazado a la v\u00edctima con privarla de la vida, lo cual fue denunciado ante el tribunal de barandilla de Choix, Sinaloa.<br>El delito de Feminicidio lleva una pena entre 22 a 50 a\u00f1os de prisi\u00f3n de acuerdo al C\u00f3digo Penal de Procedimientos Penales en su art\u00edculo 134 bis, fracciones III, IV y VI del C\u00f3digo Penal de Sinaloa.<\/p>\n","protected":false},"excerpt":{"rendered":"<p>Este mi\u00e9rcoles se realiz\u00f3 Audiencia Inicial donde esta FGE formul\u00f3 imputaci\u00f3n contra Jos\u00e9 Trinidad \u201cC\u201d Los Mochis, Sinaloa a 13 de julio de 2022.- La Fiscal\u00eda General del Estado obtuvo vinculaci\u00f3n a proceso contra Jos\u00e9 Trinidad \u201cC\u201d, acusado de Feminicidio cometido en contra de una mujer de 72 a\u00f1os, vecina de la comunidad de La [&hellip;]<\/p>\n","protected":false},"author":2,"featured_media":16746,"comment_status":"open","ping_status":"open","sticky":false,"template":"","format":"standard","meta":{"_mi_skip_tracking":false,"footnotes":""},"categories":[13],"tags":[1207,1190],"class_list":["post-16745","post","type-post","status-publish","format-standard","has-post-thumbnail","hentry","category-sinaloa","tag-choix","tag-feminicidio"],"_links":{"self":[{"href":"https:\/\/www.puntociegoeditorial.com\/web\/wp-json\/wp\/v2\/posts\/16745","targetHints":{"allow":["GET"]}}],"collection":[{"href":"https:\/\/www.puntociegoeditorial.com\/web\/wp-json\/wp\/v2\/posts"}],"about":[{"href":"https:\/\/www.puntociegoeditorial.com\/web\/wp-json\/wp\/v2\/types\/post"}],"author":[{"embeddable":true,"href":"https:\/\/www.puntociegoeditorial.com\/web\/wp-json\/wp\/v2\/users\/2"}],"replies":[{"embeddable":true,"href":"https:\/\/www.puntociegoeditorial.com\/web\/wp-json\/wp\/v2\/comments?post=16745"}],"version-history":[{"count":1,"href":"https:\/\/www.puntociegoeditorial.com\/web\/wp-json\/wp\/v2\/posts\/16745\/revisions"}],"predecessor-version":[{"id":16747,"href":"https:\/\/www.puntociegoeditorial.com\/web\/wp-json\/wp\/v2\/posts\/16745\/revisions\/16747"}],"wp:featuredmedia":[{"embeddable":true,"href":"https:\/\/www.puntociegoeditorial.com\/web\/wp-json\/wp\/v2\/media\/16746"}],"wp:attachment":[{"href":"https:\/\/www.puntociegoeditorial.com\/web\/wp-json\/wp\/v2\/media?parent=16745"}],"wp:term":[{"taxonomy":"category","embeddable":true,"href":"https:\/\/www.puntociegoeditorial.com\/web\/wp-json\/wp\/v2\/categories?post=16745"},{"taxonomy":"post_tag","embeddable":true,"href":"https:\/\/www.puntociegoeditorial.com\/web\/wp-json\/wp\/v2\/tags?post=16745"}],"curies":[{"name":"wp","href":"https:\/\/api.w.org\/{rel}","templated":true}]}}