{"id":17164,"date":"2022-07-20T18:23:05","date_gmt":"2022-07-21T00:23:05","guid":{"rendered":"http:\/\/puntociegoeditorial.com\/web\/?p=17164"},"modified":"2022-07-20T18:23:05","modified_gmt":"2022-07-21T00:23:05","slug":"cruz-roja-culiacan-registra-dos-decesos-por-golpes-de-calor","status":"publish","type":"post","link":"https:\/\/www.puntociegoeditorial.com\/web\/2022\/07\/20\/cruz-roja-culiacan-registra-dos-decesos-por-golpes-de-calor\/","title":{"rendered":"Cruz Roja Culiac\u00e1n registra dos decesos por golpes de calor"},"content":{"rendered":"\n<p>El jefe de socorristas de Cruz Roja Culiac\u00e1n inform\u00f3 que se trata de dos personas indigentes.<\/p>\n\n\n\n<p>CULIAC\u00c1N. Por las altas temperaturas que hay en la ciudad, ya se presentaron dos decesos por golpes de calor, se trata de dos personas que viv\u00edan en la calle, revel\u00f3 el jefe de socorristas de Cruz Roja Culiac\u00e1n.<\/p>\n\n\n\n<p>Omar L\u00f3pez Ocegueda precis\u00f3 que las personas que m\u00e1s se exponen a sufrir por golpes de calor son los trabajadores de la construcci\u00f3n, jornaleros y personas en situaci\u00f3n de calle.<\/p>\n\n\n\n<p>\u00abHasta ahora hay dos personas que han perdido la vida por golpes de calor, se trata de personas que viv\u00edan en situaci\u00f3n de calle, a la imtemperie\u00bb.<\/p>\n\n\n\n<p>Agreg\u00f3 que es importante que quienes se exponen a las altas temperaturas ajusten sus horarios, que eviten laborar de 2 a 4 de la tarde, y sobre todo estarse hidratando.<\/p>\n","protected":false},"excerpt":{"rendered":"<p>El jefe de socorristas de Cruz Roja Culiac\u00e1n inform\u00f3 que se trata de dos personas indigentes. CULIAC\u00c1N. Por las altas temperaturas que hay en la ciudad, ya se presentaron dos decesos por golpes de calor, se trata de dos personas que viv\u00edan en la calle, revel\u00f3 el jefe de socorristas de Cruz Roja Culiac\u00e1n. Omar [&hellip;]<\/p>\n","protected":false},"author":2,"featured_media":17165,"comment_status":"open","ping_status":"open","sticky":false,"template":"","format":"standard","meta":{"_mi_skip_tracking":false,"footnotes":""},"categories":[12],"tags":[333,2188],"class_list":["post-17164","post","type-post","status-publish","format-standard","has-post-thumbnail","hentry","category-ciudad","tag-cruz-roja","tag-golpes-de-calor"],"_links":{"self":[{"href":"https:\/\/www.puntociegoeditorial.com\/web\/wp-json\/wp\/v2\/posts\/17164","targetHints":{"allow":["GET"]}}],"collection":[{"href":"https:\/\/www.puntociegoeditorial.com\/web\/wp-json\/wp\/v2\/posts"}],"about":[{"href":"https:\/\/www.puntociegoeditorial.com\/web\/wp-json\/wp\/v2\/types\/post"}],"author":[{"embeddable":true,"href":"https:\/\/www.puntociegoeditorial.com\/web\/wp-json\/wp\/v2\/users\/2"}],"replies":[{"embeddable":true,"href":"https:\/\/www.puntociegoeditorial.com\/web\/wp-json\/wp\/v2\/comments?post=17164"}],"version-history":[{"count":1,"href":"https:\/\/www.puntociegoeditorial.com\/web\/wp-json\/wp\/v2\/posts\/17164\/revisions"}],"predecessor-version":[{"id":17166,"href":"https:\/\/www.puntociegoeditorial.com\/web\/wp-json\/wp\/v2\/posts\/17164\/revisions\/17166"}],"wp:featuredmedia":[{"embeddable":true,"href":"https:\/\/www.puntociegoeditorial.com\/web\/wp-json\/wp\/v2\/media\/17165"}],"wp:attachment":[{"href":"https:\/\/www.puntociegoeditorial.com\/web\/wp-json\/wp\/v2\/media?parent=17164"}],"wp:term":[{"taxonomy":"category","embeddable":true,"href":"https:\/\/www.puntociegoeditorial.com\/web\/wp-json\/wp\/v2\/categories?post=17164"},{"taxonomy":"post_tag","embeddable":true,"href":"https:\/\/www.puntociegoeditorial.com\/web\/wp-json\/wp\/v2\/tags?post=17164"}],"curies":[{"name":"wp","href":"https:\/\/api.w.org\/{rel}","templated":true}]}}