{"id":17167,"date":"2022-07-20T18:24:16","date_gmt":"2022-07-21T00:24:16","guid":{"rendered":"http:\/\/puntociegoeditorial.com\/web\/?p=17167"},"modified":"2022-07-20T18:24:16","modified_gmt":"2022-07-21T00:24:16","slug":"defiende-pri-nacional-a-alito-moreno-hay-una-persecucion-politica-en-su-contra","status":"publish","type":"post","link":"https:\/\/www.puntociegoeditorial.com\/web\/2022\/07\/20\/defiende-pri-nacional-a-alito-moreno-hay-una-persecucion-politica-en-su-contra\/","title":{"rendered":"Defiende PRI Nacional a Alito Moreno, \u00abhay una persecuci\u00f3n pol\u00edtica en su contra\u00bb"},"content":{"rendered":"\n<p>Culiac\u00e1n, Sin.- La secretaria de Gesti\u00f3n Social del Comit\u00e9 Ejecutivo Nacional del&nbsp;PRI,&nbsp;Sara Rocha Medina, calific\u00f3 como una persecuci\u00f3n pol\u00edtica las acusaciones que ha hecho en la gobernadora de Campeche, Layda Sansores, quien dio a conocer un nuevo audio donde el priista&nbsp;Alejandro Moreno&nbsp;asegura tener \u201ccontrolados\u201d a periodistas como Joaqu\u00edn L\u00f3pez D\u00f3riga y Ciro G\u00f3mez Leyva, entre otros.<\/p>\n\n\n\n<p>En su visita a Sinaloa la priista dijo que estos ataques al l\u00edder del tricolor no son un tema nuevo y datan desde que votaron en contra de la reforma el\u00e9ctrica en la C\u00e1mara de Diputados, y le van a seguir porque ahora quieren sacar la reforma al Instituto Nacional Electoral (INE).<\/p>\n\n\n\n<p>\u00abNo es un tema nuevo, desde que votaron la reforma en contra, y ustedes saben a qu\u00e9 me refiero, desde ese momento empez\u00f3 una persecuci\u00f3n pol\u00edtica en contra del presidente nacional del PRI, Alejandro Moreno, y van a seguir porque quieren sacar la reforma ante el INE\u201d, precis\u00f3.<\/p>\n\n\n\n<p>Asimismo, refrend\u00f3 que el priismo defender\u00e1 a capa y espada a Alejandro Moreno porque es el presidente del Partido Revolucionario Institucional, adem\u00e1s, ya se trabaja con toda la estructura para conservar las gubernaturas del Estado de M\u00e9xico y Coahuila, donde habr\u00e1 elecciones el pr\u00f3ximo a\u00f1o.<\/p>\n\n\n\n<p>\u201cNo es un tema nuevo, desde que votaron la reforma en contra, y ustedes saben a qu\u00e9 me refiero, desde ese momento empez\u00f3 una persecuci\u00f3n pol\u00edtica en contra del presidente nacional del PRI, Alejandro Moreno, y van a seguir porque quieren sacar la reforma ante el INE\u201d, reproch\u00f3.<\/p>\n","protected":false},"excerpt":{"rendered":"<p>Culiac\u00e1n, Sin.- La secretaria de Gesti\u00f3n Social del Comit\u00e9 Ejecutivo Nacional del&nbsp;PRI,&nbsp;Sara Rocha Medina, calific\u00f3 como una persecuci\u00f3n pol\u00edtica las acusaciones que ha hecho en la gobernadora de Campeche, Layda Sansores, quien dio a conocer un nuevo audio donde el priista&nbsp;Alejandro Moreno&nbsp;asegura tener \u201ccontrolados\u201d a periodistas como Joaqu\u00edn L\u00f3pez D\u00f3riga y Ciro G\u00f3mez Leyva, entre [&hellip;]<\/p>\n","protected":false},"author":2,"featured_media":17168,"comment_status":"open","ping_status":"open","sticky":false,"template":"","format":"standard","meta":{"_mi_skip_tracking":false,"footnotes":""},"categories":[14],"tags":[2162,2184],"class_list":["post-17167","post","type-post","status-publish","format-standard","has-post-thumbnail","hentry","category-mexico","tag-alito-moreno","tag-pri-nacional"],"_links":{"self":[{"href":"https:\/\/www.puntociegoeditorial.com\/web\/wp-json\/wp\/v2\/posts\/17167","targetHints":{"allow":["GET"]}}],"collection":[{"href":"https:\/\/www.puntociegoeditorial.com\/web\/wp-json\/wp\/v2\/posts"}],"about":[{"href":"https:\/\/www.puntociegoeditorial.com\/web\/wp-json\/wp\/v2\/types\/post"}],"author":[{"embeddable":true,"href":"https:\/\/www.puntociegoeditorial.com\/web\/wp-json\/wp\/v2\/users\/2"}],"replies":[{"embeddable":true,"href":"https:\/\/www.puntociegoeditorial.com\/web\/wp-json\/wp\/v2\/comments?post=17167"}],"version-history":[{"count":1,"href":"https:\/\/www.puntociegoeditorial.com\/web\/wp-json\/wp\/v2\/posts\/17167\/revisions"}],"predecessor-version":[{"id":17169,"href":"https:\/\/www.puntociegoeditorial.com\/web\/wp-json\/wp\/v2\/posts\/17167\/revisions\/17169"}],"wp:featuredmedia":[{"embeddable":true,"href":"https:\/\/www.puntociegoeditorial.com\/web\/wp-json\/wp\/v2\/media\/17168"}],"wp:attachment":[{"href":"https:\/\/www.puntociegoeditorial.com\/web\/wp-json\/wp\/v2\/media?parent=17167"}],"wp:term":[{"taxonomy":"category","embeddable":true,"href":"https:\/\/www.puntociegoeditorial.com\/web\/wp-json\/wp\/v2\/categories?post=17167"},{"taxonomy":"post_tag","embeddable":true,"href":"https:\/\/www.puntociegoeditorial.com\/web\/wp-json\/wp\/v2\/tags?post=17167"}],"curies":[{"name":"wp","href":"https:\/\/api.w.org\/{rel}","templated":true}]}}