{"id":1726,"date":"2021-09-22T22:00:55","date_gmt":"2021-09-23T04:00:55","guid":{"rendered":"http:\/\/puntociegoeditorial.com\/web\/?p=1726"},"modified":"2021-09-22T22:00:55","modified_gmt":"2021-09-23T04:00:55","slug":"llega-al-nido-bronswell-patrick","status":"publish","type":"post","link":"https:\/\/www.puntociegoeditorial.com\/web\/2021\/09\/22\/llega-al-nido-bronswell-patrick\/","title":{"rendered":"Llega al nido Bronswell Patrick"},"content":{"rendered":"\n<p>Redacci\u00f3n<\/p>\n\n\n\n<p>MEXICALI, Baja California._ El timonel Bronswell Patrick se incorpor\u00f3 a la pretemporada de Los Caballeros \u00c1guilas de Mexicali, luego de obtener el campeonato en el b\u00e9isbol de verano con Toros de Tijuana, como coach de pitcheo.<\/p>\n\n\n\n<p>Fue el pasado 29 de enero del presente a\u00f1o, cuando el Club \u00c1guilas de Mexicali ratific\u00f3 a Patrick como su mandam\u00e1s, gracias a los buenos resultados obtenidos dentro del rol regular, donde clasific\u00f3 al equipo a la primera etapa de playoffs.<\/p>\n\n\n\n<p>El ex lanzador en Grandes Ligas, tom\u00f3 las riendas del equipo para dirigir su primera pr\u00e1ctica durante la pretemporada, por lo que dirigi\u00f3 un mensaje a sus pupilos para invitarlos a dar su m\u00e1ximo esfuerzo para asegurar su lugar dentro del plantel emplumado.<\/p>\n\n\n\n<p>Con la llegada de Bronswell Patrick al \u201cNido\u201d, se complementa de forma importante el cuerpo t\u00e9cnico de Los \u00c1guilas de Mexicali, mismos que continuar\u00e1n con su preparaci\u00f3n con miras a sus compromisos de entrenamiento previos a su debut dentro de la Liga ARCO Mexicana del Pac\u00edfico, ante Naranjeros de Hermosillo el pr\u00f3ximo 5 de octubre.<\/p>\n","protected":false},"excerpt":{"rendered":"<p>Redacci\u00f3n MEXICALI, Baja California._ El timonel Bronswell Patrick se incorpor\u00f3 a la pretemporada de Los Caballeros \u00c1guilas de Mexicali, luego de obtener el campeonato en el b\u00e9isbol de verano con Toros de Tijuana, como coach de pitcheo. Fue el pasado 29 de enero del presente a\u00f1o, cuando el Club \u00c1guilas de Mexicali ratific\u00f3 a Patrick [&hellip;]<\/p>\n","protected":false},"author":4,"featured_media":1727,"comment_status":"open","ping_status":"open","sticky":false,"template":"","format":"standard","meta":{"_mi_skip_tracking":false,"footnotes":""},"categories":[16],"tags":[100,69,63],"class_list":["post-1726","post","type-post","status-publish","format-standard","has-post-thumbnail","hentry","category-accion","tag-aguilas-de-mexicali","tag-beisbol","tag-lamp"],"_links":{"self":[{"href":"https:\/\/www.puntociegoeditorial.com\/web\/wp-json\/wp\/v2\/posts\/1726","targetHints":{"allow":["GET"]}}],"collection":[{"href":"https:\/\/www.puntociegoeditorial.com\/web\/wp-json\/wp\/v2\/posts"}],"about":[{"href":"https:\/\/www.puntociegoeditorial.com\/web\/wp-json\/wp\/v2\/types\/post"}],"author":[{"embeddable":true,"href":"https:\/\/www.puntociegoeditorial.com\/web\/wp-json\/wp\/v2\/users\/4"}],"replies":[{"embeddable":true,"href":"https:\/\/www.puntociegoeditorial.com\/web\/wp-json\/wp\/v2\/comments?post=1726"}],"version-history":[{"count":1,"href":"https:\/\/www.puntociegoeditorial.com\/web\/wp-json\/wp\/v2\/posts\/1726\/revisions"}],"predecessor-version":[{"id":1728,"href":"https:\/\/www.puntociegoeditorial.com\/web\/wp-json\/wp\/v2\/posts\/1726\/revisions\/1728"}],"wp:featuredmedia":[{"embeddable":true,"href":"https:\/\/www.puntociegoeditorial.com\/web\/wp-json\/wp\/v2\/media\/1727"}],"wp:attachment":[{"href":"https:\/\/www.puntociegoeditorial.com\/web\/wp-json\/wp\/v2\/media?parent=1726"}],"wp:term":[{"taxonomy":"category","embeddable":true,"href":"https:\/\/www.puntociegoeditorial.com\/web\/wp-json\/wp\/v2\/categories?post=1726"},{"taxonomy":"post_tag","embeddable":true,"href":"https:\/\/www.puntociegoeditorial.com\/web\/wp-json\/wp\/v2\/tags?post=1726"}],"curies":[{"name":"wp","href":"https:\/\/api.w.org\/{rel}","templated":true}]}}