{"id":17300,"date":"2022-07-22T19:57:08","date_gmt":"2022-07-23T01:57:08","guid":{"rendered":"https:\/\/puntociegoeditorial.com\/web\/?p=17300"},"modified":"2022-07-22T19:57:08","modified_gmt":"2022-07-23T01:57:08","slug":"las-empresas-no-estan-encontrando-el-talento-humano-adecem","status":"publish","type":"post","link":"https:\/\/www.puntociegoeditorial.com\/web\/2022\/07\/22\/las-empresas-no-estan-encontrando-el-talento-humano-adecem\/","title":{"rendered":"Las empresas no est\u00e1n encontrando el talento humano: ADECEM"},"content":{"rendered":"\n<p>El presidente de la Alianza para el Desarrollo y Competitividad de las Empresas se\u00f1al\u00f3 que se requiere una mayor coordinaci\u00f3n con los sectores productivos para resolver dicho problema.<\/p>\n\n\n\n<p>CULIAC\u00c1N. En Sinaloa hay trabajo, hay oportunidades laborales, pero desafortunadamente no hay el talento humano para mejorar el d\u00e9ficit que tienen los empresarios, se\u00f1al\u00f3 el presidente de la Alianza para el Desarrollo y Competitividad de las Empresas.<\/p>\n\n\n\n<p>Julio C\u00e9sar Silvas Inzunza revel\u00f3 que es una problem\u00e1tica que no se ha podido resolver, hay peros as que quieren trabajar, pero no est\u00e1n preparadas, y en ese caso, hay un retroceso, incluso, se batalla para encontrar interesados en trabajar.<\/p>\n\n\n\n<p>\u00abDesafortunadamente nos ganan las prisas, en Sinaloa no hay talento humano para resolver el d\u00e9ficit que tienen las empresas\u00bb.<\/p>\n\n\n\n<p>Agreg\u00f3 que se requiere de una mayor coordinaci\u00f3n del gobierno con los sectores productivos para que haya un mejor panorama en el tema del empleo y desarrollo de las empresas.<\/p>\n","protected":false},"excerpt":{"rendered":"<p>El presidente de la Alianza para el Desarrollo y Competitividad de las Empresas se\u00f1al\u00f3 que se requiere una mayor coordinaci\u00f3n con los sectores productivos para resolver dicho problema. CULIAC\u00c1N. En Sinaloa hay trabajo, hay oportunidades laborales, pero desafortunadamente no hay el talento humano para mejorar el d\u00e9ficit que tienen los empresarios, se\u00f1al\u00f3 el presidente de [&hellip;]<\/p>\n","protected":false},"author":2,"featured_media":17301,"comment_status":"open","ping_status":"open","sticky":false,"template":"","format":"standard","meta":{"_mi_skip_tracking":false,"footnotes":""},"categories":[12],"tags":[2200],"class_list":["post-17300","post","type-post","status-publish","format-standard","has-post-thumbnail","hentry","category-ciudad","tag-adecem"],"_links":{"self":[{"href":"https:\/\/www.puntociegoeditorial.com\/web\/wp-json\/wp\/v2\/posts\/17300","targetHints":{"allow":["GET"]}}],"collection":[{"href":"https:\/\/www.puntociegoeditorial.com\/web\/wp-json\/wp\/v2\/posts"}],"about":[{"href":"https:\/\/www.puntociegoeditorial.com\/web\/wp-json\/wp\/v2\/types\/post"}],"author":[{"embeddable":true,"href":"https:\/\/www.puntociegoeditorial.com\/web\/wp-json\/wp\/v2\/users\/2"}],"replies":[{"embeddable":true,"href":"https:\/\/www.puntociegoeditorial.com\/web\/wp-json\/wp\/v2\/comments?post=17300"}],"version-history":[{"count":1,"href":"https:\/\/www.puntociegoeditorial.com\/web\/wp-json\/wp\/v2\/posts\/17300\/revisions"}],"predecessor-version":[{"id":17302,"href":"https:\/\/www.puntociegoeditorial.com\/web\/wp-json\/wp\/v2\/posts\/17300\/revisions\/17302"}],"wp:featuredmedia":[{"embeddable":true,"href":"https:\/\/www.puntociegoeditorial.com\/web\/wp-json\/wp\/v2\/media\/17301"}],"wp:attachment":[{"href":"https:\/\/www.puntociegoeditorial.com\/web\/wp-json\/wp\/v2\/media?parent=17300"}],"wp:term":[{"taxonomy":"category","embeddable":true,"href":"https:\/\/www.puntociegoeditorial.com\/web\/wp-json\/wp\/v2\/categories?post=17300"},{"taxonomy":"post_tag","embeddable":true,"href":"https:\/\/www.puntociegoeditorial.com\/web\/wp-json\/wp\/v2\/tags?post=17300"}],"curies":[{"name":"wp","href":"https:\/\/api.w.org\/{rel}","templated":true}]}}