{"id":18273,"date":"2022-08-12T22:59:09","date_gmt":"2022-08-13T04:59:09","guid":{"rendered":"http:\/\/puntociegoeditorial.com\/web\/?p=18273"},"modified":"2022-08-12T22:59:09","modified_gmt":"2022-08-13T04:59:09","slug":"hay-una-intromision-grosera-del-pas-en-morena-guerrero-verdugo","status":"publish","type":"post","link":"https:\/\/www.puntociegoeditorial.com\/web\/2022\/08\/12\/hay-una-intromision-grosera-del-pas-en-morena-guerrero-verdugo\/","title":{"rendered":"\u00abHay una intromisi\u00f3n grosera del PAS en Morena\u00bb: Guerrero Verdugo"},"content":{"rendered":"\n<p>Culiac\u00e1n, Sin.- \u00abLa impugnaci\u00f3n m\u00e1s fuerte es la intromisi\u00f3n del PAS en la vida interna de Morena, hay una falta de decencia pol\u00edtica\u00bb, critic\u00f3 Manuel de Jes\u00fas Guerrero Verdugo.<\/p>\n\n\n\n<p>El Delegado de Morena en Sinaloa dijo que si existen impugnaciones del proceso interno que se llev\u00f3 a cabo el pasado 30 de julio, se podr\u00e1 determinar qui\u00e9nes ser\u00e1n los delegados que participar\u00e1n en el Congreso Estatal y en el Congreso Nacional que se celebrar\u00e1 el 17 y 18 de septiembre.<\/p>\n\n\n\n<p>\u00abLa impugnaci\u00f3n m\u00e1s fuerte es la que tiene que ver con la intromisi\u00f3n del Partido Sinaloense, en la vida interna de Morena, es conocido que militantes del PAS se hicieron presentes en el proceso y participaron y finalmente lograron colocar una bina, un hombre y una mujer en cada uno de los siete distritos federales, eso nos parece una intromisi\u00f3n un tanto grosera; hay una falta de decencia pol\u00edtica\u201d,se\u00f1al\u00f3.<\/p>\n\n\n\n<p>Verdugo Guerrero destac\u00f3 que despu\u00e9s de llevarse a cabo los Congresos Distritales y teniendo los resultados preliminares de las votaciones, el partido realiz\u00f3 una revisi\u00f3n de los nombres concluyendo que 14 de los Congresistas seleccionados son militantes activos del Partido Sinaloense, siendo esto inadecuado ya que \u201cquieren entrar por la puerta de atr\u00e1s, sin dar a conocer su inter\u00e9s\u201d- al referirse al PAS.<\/p>\n","protected":false},"excerpt":{"rendered":"<p>Culiac\u00e1n, Sin.- \u00abLa impugnaci\u00f3n m\u00e1s fuerte es la intromisi\u00f3n del PAS en la vida interna de Morena, hay una falta de decencia pol\u00edtica\u00bb, critic\u00f3 Manuel de Jes\u00fas Guerrero Verdugo. El Delegado de Morena en Sinaloa dijo que si existen impugnaciones del proceso interno que se llev\u00f3 a cabo el pasado 30 de julio, se podr\u00e1 [&hellip;]<\/p>\n","protected":false},"author":2,"featured_media":18274,"comment_status":"open","ping_status":"open","sticky":false,"template":"","format":"standard","meta":{"_mi_skip_tracking":false,"footnotes":""},"categories":[13],"tags":[47,227,353],"class_list":["post-18273","post","type-post","status-publish","format-standard","has-post-thumbnail","hentry","category-sinaloa","tag-congreso-del-estado","tag-morena","tag-pas"],"_links":{"self":[{"href":"https:\/\/www.puntociegoeditorial.com\/web\/wp-json\/wp\/v2\/posts\/18273","targetHints":{"allow":["GET"]}}],"collection":[{"href":"https:\/\/www.puntociegoeditorial.com\/web\/wp-json\/wp\/v2\/posts"}],"about":[{"href":"https:\/\/www.puntociegoeditorial.com\/web\/wp-json\/wp\/v2\/types\/post"}],"author":[{"embeddable":true,"href":"https:\/\/www.puntociegoeditorial.com\/web\/wp-json\/wp\/v2\/users\/2"}],"replies":[{"embeddable":true,"href":"https:\/\/www.puntociegoeditorial.com\/web\/wp-json\/wp\/v2\/comments?post=18273"}],"version-history":[{"count":1,"href":"https:\/\/www.puntociegoeditorial.com\/web\/wp-json\/wp\/v2\/posts\/18273\/revisions"}],"predecessor-version":[{"id":18275,"href":"https:\/\/www.puntociegoeditorial.com\/web\/wp-json\/wp\/v2\/posts\/18273\/revisions\/18275"}],"wp:featuredmedia":[{"embeddable":true,"href":"https:\/\/www.puntociegoeditorial.com\/web\/wp-json\/wp\/v2\/media\/18274"}],"wp:attachment":[{"href":"https:\/\/www.puntociegoeditorial.com\/web\/wp-json\/wp\/v2\/media?parent=18273"}],"wp:term":[{"taxonomy":"category","embeddable":true,"href":"https:\/\/www.puntociegoeditorial.com\/web\/wp-json\/wp\/v2\/categories?post=18273"},{"taxonomy":"post_tag","embeddable":true,"href":"https:\/\/www.puntociegoeditorial.com\/web\/wp-json\/wp\/v2\/tags?post=18273"}],"curies":[{"name":"wp","href":"https:\/\/api.w.org\/{rel}","templated":true}]}}