{"id":18315,"date":"2022-08-15T11:02:57","date_gmt":"2022-08-15T17:02:57","guid":{"rendered":"http:\/\/puntociegoeditorial.com\/web\/?p=18315"},"modified":"2022-08-15T11:02:57","modified_gmt":"2022-08-15T17:02:57","slug":"destacan-jovenes-navolatenses-en-el-preselectivo-nacional-de-taekwondo-en-aguascalientes","status":"publish","type":"post","link":"https:\/\/www.puntociegoeditorial.com\/web\/2022\/08\/15\/destacan-jovenes-navolatenses-en-el-preselectivo-nacional-de-taekwondo-en-aguascalientes\/","title":{"rendered":"DESTACAN J\u00d3VENES NAVOLATENSES EN EL PRESELECTIVO NACIONAL DE TAEKWONDO EN AGUASCALIENTES"},"content":{"rendered":"\n<p>Dos j\u00f3venes taekwondoines llenaron de orgullo a la sindicatura General \u00c1ngel Flores \u201cLa Palma\u201d, esto durante el Preselectivo Nacional de Taekwondo llevado a cabo en Aguascalientes, Aguascalientes como parte del 1er Festival de Cintas Negras de Taekwondo el cual inici\u00f3 el 11 de agosto y culmina ma\u00f1ana 14 de agosto del presente a\u00f1o.<\/p>\n\n\n\n<p>Las dos j\u00f3venes promesas del taekwondo son Antonio Misael Castro Gonz\u00e1lez (categor\u00eda infantil varonil +54 Kg) y Ricardo Ariel Beltr\u00e1n Castro (categor\u00eda infantil varonil -30 Kg). Estos dos muchachos est\u00e1n bajo la tutela de su entrenador, L.E.D. Irvis Plata Espinoza y entrenan en la Escuela Ave F\u00e9nix Tkd La Palma.<\/p>\n\n\n\n<p>Antonio Misael se abri\u00f3 camino en su categor\u00eda y con \u00e1rduo trabajo y un desempe\u00f1o que refleja la entrega y disciplina del taekwondoin, logr\u00f3 conseguir el tercer lugar en su categor\u00eda (infantil varonil +54 Kg), lo cual lo hizo acreedor de la medalla de bronce. Por su parte, Ricardo Ariel, en la categor\u00eda infantil varonil -30 Kg, logr\u00f3 avanzar a los 8vos de final en una participaci\u00f3n intensamente emocionante y re\u00f1ida.<\/p>\n\n\n\n<p>Cabe destacar que, ambos j\u00f3venes deportistas cosecharon muy buenos puntos en el ranking nacional para futuras competiciones a nivel federativo, esto gracias a los lugares que obtuvieron durante el certamen.<\/p>\n","protected":false},"excerpt":{"rendered":"<p>Dos j\u00f3venes taekwondoines llenaron de orgullo a la sindicatura General \u00c1ngel Flores \u201cLa Palma\u201d, esto durante el Preselectivo Nacional de Taekwondo llevado a cabo en Aguascalientes, Aguascalientes como parte del 1er Festival de Cintas Negras de Taekwondo el cual inici\u00f3 el 11 de agosto y culmina ma\u00f1ana 14 de agosto del presente a\u00f1o. Las dos [&hellip;]<\/p>\n","protected":false},"author":2,"featured_media":18316,"comment_status":"open","ping_status":"open","sticky":false,"template":"","format":"standard","meta":{"_mi_skip_tracking":false,"footnotes":""},"categories":[16],"tags":[106,376],"class_list":["post-18315","post","type-post","status-publish","format-standard","has-post-thumbnail","hentry","category-accion","tag-navolato","tag-taekwondo"],"_links":{"self":[{"href":"https:\/\/www.puntociegoeditorial.com\/web\/wp-json\/wp\/v2\/posts\/18315","targetHints":{"allow":["GET"]}}],"collection":[{"href":"https:\/\/www.puntociegoeditorial.com\/web\/wp-json\/wp\/v2\/posts"}],"about":[{"href":"https:\/\/www.puntociegoeditorial.com\/web\/wp-json\/wp\/v2\/types\/post"}],"author":[{"embeddable":true,"href":"https:\/\/www.puntociegoeditorial.com\/web\/wp-json\/wp\/v2\/users\/2"}],"replies":[{"embeddable":true,"href":"https:\/\/www.puntociegoeditorial.com\/web\/wp-json\/wp\/v2\/comments?post=18315"}],"version-history":[{"count":1,"href":"https:\/\/www.puntociegoeditorial.com\/web\/wp-json\/wp\/v2\/posts\/18315\/revisions"}],"predecessor-version":[{"id":18317,"href":"https:\/\/www.puntociegoeditorial.com\/web\/wp-json\/wp\/v2\/posts\/18315\/revisions\/18317"}],"wp:featuredmedia":[{"embeddable":true,"href":"https:\/\/www.puntociegoeditorial.com\/web\/wp-json\/wp\/v2\/media\/18316"}],"wp:attachment":[{"href":"https:\/\/www.puntociegoeditorial.com\/web\/wp-json\/wp\/v2\/media?parent=18315"}],"wp:term":[{"taxonomy":"category","embeddable":true,"href":"https:\/\/www.puntociegoeditorial.com\/web\/wp-json\/wp\/v2\/categories?post=18315"},{"taxonomy":"post_tag","embeddable":true,"href":"https:\/\/www.puntociegoeditorial.com\/web\/wp-json\/wp\/v2\/tags?post=18315"}],"curies":[{"name":"wp","href":"https:\/\/api.w.org\/{rel}","templated":true}]}}